{"id":12711,"date":"2014-10-12T14:46:54","date_gmt":"2014-10-12T11:46:54","guid":{"rendered":"http:\/\/sanasyria.org\/tr\/?p=12711"},"modified":"2014-10-12T14:46:54","modified_gmt":"2014-10-12T11:46:54","slug":"batinin-iliman-muhalifleri-sivil-bolgelere-saldirilarini-surduruyor","status":"publish","type":"post","link":"https:\/\/archive.sana.sy\/tr\/?p=12711","title":{"rendered":"Bat\u0131n\u0131n \u2018Il\u0131man Muhalifleri\u2019 Sivil B\u00f6lgelere Sald\u0131r\u0131lar\u0131n\u0131 S\u00fcrd\u00fcr\u00fcyor"},"content":{"rendered":"<p>\u0130DL\u0130B \u2013 ABD ve b\u00f6lgedeki ta\u015feronlar\u0131n\u0131n Suriye\u2019de \u2018\u0131l\u0131man muhalifler\u2019 ad\u0131 alt\u0131nda destekledikleri ter\u00f6r \u00e7eteleri sivil b\u00f6lgeleri ve masum insanlar\u0131 k\u00f6r sald\u0131r\u0131larla hedef almaya devam ediyor.<\/p>\n<p>\u0130dlib \u0130l Emniyet M\u00fcd\u00fcrl\u00fc\u011f\u00fcnde bir kaynak ter\u00f6r \u00e7etelerin \u0130dlib Kentinin muhtelif semtlerini 5 f\u00fczeyle hedef ald\u0131klar\u0131n\u0131 aktar\u0131rken, hain k\u00f6r sald\u0131r\u0131larda be\u015feri kayb\u0131n olmad\u0131\u011f\u0131n\u0131 belirtti. Kaynak ter\u00f6r sald\u0131r\u0131lar\u0131nda \u00f6zel ve kamu m\u00fclklerde maddi hasar\u0131n olu\u015ftu\u011funu belirtti.<\/p>\n","protected":false},"excerpt":{"rendered":"<p>\u0130DL\u0130B \u2013 ABD ve b\u00f6lgedeki ta\u015feronlar\u0131n\u0131n Suriye\u2019de \u2018\u0131l\u0131man muhalifler\u2019 ad\u0131 alt\u0131nda destekledikleri ter\u00f6r \u00e7eteleri sivil b\u00f6lgeleri ve masum insanlar\u0131 k\u00f6r sald\u0131r\u0131larla hedef almaya devam ediyor. \u0130dlib \u0130l Emniyet M\u00fcd\u00fcrl\u00fc\u011f\u00fcnde bir kaynak ter\u00f6r \u00e7etelerin \u0130dlib Kentinin muhtelif semtlerini 5 f\u00fczeyle hedef ald\u0131klar\u0131n\u0131 aktar\u0131rken, hain k\u00f6r sald\u0131r\u0131larda be\u015feri kayb\u0131n olmad\u0131\u011f\u0131n\u0131 belirtti. Kaynak ter\u00f6r sald\u0131r\u0131lar\u0131nda \u00f6zel ve kamu &hellip;<\/p>\n","protected":false},"author":1,"featured_media":12712,"comment_status":"closed","ping_status":"closed","sticky":false,"template":"","format":"standard","meta":{"footnotes":""},"categories":[479,575,478],"tags":[3430,3431],"class_list":["post-12711","post","type-post","status-publish","format-standard","has-post-thumbnail","","category-haberler-yerel","category-olaylar-ve-gercekler","category-yerel","tag-batinin-iliman-muhalifleri-sivil-bolgelere-saldirilarini-surduruyor-idlib-abd-ve-bolgedeki-taseronlarinin-suriyede-iliman-muhalifler-adi-altinda","tag-hain-kor-saldirilarda-beseri-kaybin-olmadigini-belirtti-kaynak-teror-saldirilarinda-ozel-ve-kamu-mulklerde-maddi-hasarin-olustugunu-belirtti"],"_links":{"self":[{"href":"https:\/\/archive.sana.sy\/tr\/index.php?rest_route=\/wp\/v2\/posts\/12711","targetHints":{"allow":["GET"]}}],"collection":[{"href":"https:\/\/archive.sana.sy\/tr\/index.php?rest_route=\/wp\/v2\/posts"}],"about":[{"href":"https:\/\/archive.sana.sy\/tr\/index.php?rest_route=\/wp\/v2\/types\/post"}],"author":[{"embeddable":true,"href":"https:\/\/archive.sana.sy\/tr\/index.php?rest_route=\/wp\/v2\/users\/1"}],"replies":[{"embeddable":true,"href":"https:\/\/archive.sana.sy\/tr\/index.php?rest_route=%2Fwp%2Fv2%2Fcomments&post=12711"}],"version-history":[{"count":0,"href":"https:\/\/archive.sana.sy\/tr\/index.php?rest_route=\/wp\/v2\/posts\/12711\/revisions"}],"wp:featuredmedia":[{"embeddable":true,"href":"https:\/\/archive.sana.sy\/tr\/index.php?rest_route=\/wp\/v2\/media\/12712"}],"wp:attachment":[{"href":"https:\/\/archive.sana.sy\/tr\/index.php?rest_route=%2Fwp%2Fv2%2Fmedia&parent=12711"}],"wp:term":[{"taxonomy":"category","embeddable":true,"href":"https:\/\/archive.sana.sy\/tr\/index.php?rest_route=%2Fwp%2Fv2%2Fcategories&post=12711"},{"taxonomy":"post_tag","embeddable":true,"href":"https:\/\/archive.sana.sy\/tr\/index.php?rest_route=%2Fwp%2Fv2%2Ftags&post=12711"}],"curies":[{"name":"wp","href":"https:\/\/api.w.org\/{rel}","templated":true}]}}