{"id":12720,"date":"2014-10-12T15:52:52","date_gmt":"2014-10-12T12:52:52","guid":{"rendered":"http:\/\/sanasyria.org\/tr\/?p=12720"},"modified":"2014-10-13T15:56:08","modified_gmt":"2014-10-13T12:56:08","slug":"homs-ve-kirsalinda-silahlariyla-teslim-olan-104-kisi-serbest-birakildi","status":"publish","type":"post","link":"https:\/\/archive.sana.sy\/tr\/?p=12720","title":{"rendered":"Homs ve K\u0131rsal\u0131nda Silahlar\u0131yla Teslim Olan 104 Ki\u015fi Serbest B\u0131rak\u0131ld\u0131"},"content":{"rendered":"<p>HOMS \u2013 Homs ve k\u0131rsal\u0131nda bug\u00fcn Ulusal Uzla\u015fma Komitesinin \u00e7abalar\u0131 sonucunda silahlar\u0131yla birlikte g\u00fcvenlik kurumlar\u0131na teslim olan 104 ki\u015fi serbest b\u0131rak\u0131ld\u0131.<\/p>\n<p>Homs Kentinin muhtelif semtlerinin yan\u0131 s\u0131ra k\u0131rsala d\u00fc\u015fen Ksayr, Huvla, Telbise, Resten, Deyr Bialba, Meskene, Kuzey Ayn H\u00fcseyin, \u011eanto, Teyr Mualla ve Tedmur b\u00f6lgelerinden teslim olan s\u00f6z konusu ki\u015filer genel afa kapsam\u0131nda serbest b\u0131rak\u0131lmalar\u0131ndan \u00f6nce yeniden ulusal g\u00fcvenli\u011fi tehdit edecek eylemlere kat\u0131lmama taahh\u00fcd\u00fc imzalad\u0131lar.<\/p>\n<p>28 Eyl\u00fcl tarihinde de Homs Kenti ve k\u0131rsal\u0131ndan 86 ki\u015fi benzer ko\u015fullarda teslim olmu\u015f ve serbest b\u0131rak\u0131lm\u0131\u015flard\u0131.<\/p>\n","protected":false},"excerpt":{"rendered":"<p>HOMS \u2013 Homs ve k\u0131rsal\u0131nda bug\u00fcn Ulusal Uzla\u015fma Komitesinin \u00e7abalar\u0131 sonucunda silahlar\u0131yla birlikte g\u00fcvenlik kurumlar\u0131na teslim olan 104 ki\u015fi serbest b\u0131rak\u0131ld\u0131. Homs Kentinin muhtelif semtlerinin yan\u0131 s\u0131ra k\u0131rsala d\u00fc\u015fen Ksayr, Huvla, Telbise, Resten, Deyr Bialba, Meskene, Kuzey Ayn H\u00fcseyin, \u011eanto, Teyr Mualla ve Tedmur b\u00f6lgelerinden teslim olan s\u00f6z konusu ki\u015filer genel afa kapsam\u0131nda serbest b\u0131rak\u0131lmalar\u0131ndan &hellip;<\/p>\n","protected":false},"author":1,"featured_media":12721,"comment_status":"closed","ping_status":"closed","sticky":false,"template":"","format":"standard","meta":{"footnotes":""},"categories":[479,575,478],"tags":[3437,3440,3434,3435,3439,3438,3436,2283,3441],"class_list":["post-12720","post","type-post","status-publish","format-standard","has-post-thumbnail","","category-haberler-yerel","category-olaylar-ve-gercekler","category-yerel","tag-deyr-bialba","tag-ganto","tag-homs-ve-kirsalinda-silahlariyla-teslim-olan-104-kisi-serbest-birakildi-homs-homs-ve-kirsalinda-bugun-ulusal-uzlasma-komitesinin-cabalari-sonucunda-silahlariyla-birlikte-guvenlik-kurumlarina","tag-huvla","tag-kuzey-ayn-huseyin","tag-meskene","tag-resten","tag-telbise","tag-teyr-mualla-ve-tedmur-bolgelerinden-teslim-olan-soz-konusu-kisiler-genel-afa-kapsaminda-serbest-birakilmalarindan-once-yeniden-ulusal-guvenligi-tehdit-edecek-eylemlere-katilmama-taahhudu-imzaladilar"],"_links":{"self":[{"href":"https:\/\/archive.sana.sy\/tr\/index.php?rest_route=\/wp\/v2\/posts\/12720","targetHints":{"allow":["GET"]}}],"collection":[{"href":"https:\/\/archive.sana.sy\/tr\/index.php?rest_route=\/wp\/v2\/posts"}],"about":[{"href":"https:\/\/archive.sana.sy\/tr\/index.php?rest_route=\/wp\/v2\/types\/post"}],"author":[{"embeddable":true,"href":"https:\/\/archive.sana.sy\/tr\/index.php?rest_route=\/wp\/v2\/users\/1"}],"replies":[{"embeddable":true,"href":"https:\/\/archive.sana.sy\/tr\/index.php?rest_route=%2Fwp%2Fv2%2Fcomments&post=12720"}],"version-history":[{"count":0,"href":"https:\/\/archive.sana.sy\/tr\/index.php?rest_route=\/wp\/v2\/posts\/12720\/revisions"}],"wp:featuredmedia":[{"embeddable":true,"href":"https:\/\/archive.sana.sy\/tr\/index.php?rest_route=\/wp\/v2\/media\/12721"}],"wp:attachment":[{"href":"https:\/\/archive.sana.sy\/tr\/index.php?rest_route=%2Fwp%2Fv2%2Fmedia&parent=12720"}],"wp:term":[{"taxonomy":"category","embeddable":true,"href":"https:\/\/archive.sana.sy\/tr\/index.php?rest_route=%2Fwp%2Fv2%2Fcategories&post=12720"},{"taxonomy":"post_tag","embeddable":true,"href":"https:\/\/archive.sana.sy\/tr\/index.php?rest_route=%2Fwp%2Fv2%2Ftags&post=12720"}],"curies":[{"name":"wp","href":"https:\/\/api.w.org\/{rel}","templated":true}]}}