{"id":127278,"date":"2017-10-22T13:56:40","date_gmt":"2017-10-22T10:56:40","guid":{"rendered":"http:\/\/www.sana.sy\/tr\/?p=127278"},"modified":"2017-10-23T15:00:34","modified_gmt":"2017-10-23T12:00:34","slug":"sam-universitesine-yeni-rektor-atandi","status":"publish","type":"post","link":"https:\/\/archive.sana.sy\/tr\/?p=127278","title":{"rendered":"\u015eam \u00dcniversitesine Yeni Rekt\u00f6r Atand\u0131"},"content":{"rendered":"<p>\u015eAM \u2013 Cumhurba\u015fkan\u0131 Be\u015f\u015far el Esad bug\u00fcn; Prof Dr Muhammed Mahir Kabakiybi\u2019nin \u015eam \u00dcniversitesi rekt\u00f6r\u00fc olarak atanmas\u0131n\u0131 \u00f6ng\u00f6ren 2017\/3012 say\u0131l\u0131 kararnameyi onaylad\u0131.<\/p>\n<p>2006\/6 say\u0131l\u0131 \u00fcniversiteler kanunu ve d\u00fczenlemeleri kapsam\u0131nda atamas\u0131 yap\u0131lan Prof Dr Kabakiybi; \u015eam \u00dcniversitesi Fen Bilimleri Fak\u00fcltesinde \u00f6\u011fretim g\u00f6revlisiydi.<\/p>\n","protected":false},"excerpt":{"rendered":"<p>\u015eAM \u2013 Cumhurba\u015fkan\u0131 Be\u015f\u015far el Esad bug\u00fcn; Prof Dr Muhammed Mahir Kabakiybi\u2019nin \u015eam \u00dcniversitesi rekt\u00f6r\u00fc olarak atanmas\u0131n\u0131 \u00f6ng\u00f6ren 2017\/3012 say\u0131l\u0131 kararnameyi onaylad\u0131. 2006\/6 say\u0131l\u0131 \u00fcniversiteler kanunu ve d\u00fczenlemeleri kapsam\u0131nda atamas\u0131 yap\u0131lan Prof Dr Kabakiybi; \u015eam \u00dcniversitesi Fen Bilimleri Fak\u00fcltesinde \u00f6\u011fretim g\u00f6revlisiydi.<\/p>\n","protected":false},"author":1,"featured_media":127282,"comment_status":"closed","ping_status":"closed","sticky":false,"template":"","format":"standard","meta":{"footnotes":""},"categories":[479,605,17988,612,599,478],"tags":[17256,20113,32893,18782,16591,32892,22181,27726],"class_list":["post-127278","post","type-post","status-publish","format-standard","has-post-thumbnail","","category-haberler-yerel","category-sayin-cumhurbaskani","category-son-haberler","category-yasama-kararnameler","category-yasama-ve-kanunlar","category-yerel","tag-bessar-el-esad","tag-esad","tag-muhammed-mahir-kabakiybi","tag-sam-universitesi","tag-suriye","tag-suriye-universitesi","tag-suriyeliler","tag-universite-rektoru"],"_links":{"self":[{"href":"https:\/\/archive.sana.sy\/tr\/index.php?rest_route=\/wp\/v2\/posts\/127278","targetHints":{"allow":["GET"]}}],"collection":[{"href":"https:\/\/archive.sana.sy\/tr\/index.php?rest_route=\/wp\/v2\/posts"}],"about":[{"href":"https:\/\/archive.sana.sy\/tr\/index.php?rest_route=\/wp\/v2\/types\/post"}],"author":[{"embeddable":true,"href":"https:\/\/archive.sana.sy\/tr\/index.php?rest_route=\/wp\/v2\/users\/1"}],"replies":[{"embeddable":true,"href":"https:\/\/archive.sana.sy\/tr\/index.php?rest_route=%2Fwp%2Fv2%2Fcomments&post=127278"}],"version-history":[{"count":0,"href":"https:\/\/archive.sana.sy\/tr\/index.php?rest_route=\/wp\/v2\/posts\/127278\/revisions"}],"wp:featuredmedia":[{"embeddable":true,"href":"https:\/\/archive.sana.sy\/tr\/index.php?rest_route=\/wp\/v2\/media\/127282"}],"wp:attachment":[{"href":"https:\/\/archive.sana.sy\/tr\/index.php?rest_route=%2Fwp%2Fv2%2Fmedia&parent=127278"}],"wp:term":[{"taxonomy":"category","embeddable":true,"href":"https:\/\/archive.sana.sy\/tr\/index.php?rest_route=%2Fwp%2Fv2%2Fcategories&post=127278"},{"taxonomy":"post_tag","embeddable":true,"href":"https:\/\/archive.sana.sy\/tr\/index.php?rest_route=%2Fwp%2Fv2%2Ftags&post=127278"}],"curies":[{"name":"wp","href":"https:\/\/api.w.org\/{rel}","templated":true}]}}