{"id":127284,"date":"2017-10-22T14:31:37","date_gmt":"2017-10-22T11:31:37","guid":{"rendered":"http:\/\/www.sana.sy\/tr\/?p=127284"},"modified":"2017-10-23T15:00:20","modified_gmt":"2017-10-23T12:00:20","slug":"lazkiyede-araba-alim-satim-projesinin-temel-tasi-atildi","status":"publish","type":"post","link":"https:\/\/archive.sana.sy\/tr\/?p=127284","title":{"rendered":"Lazkiye\u2019de Araba Al\u0131m Sat\u0131m Projesinin Temel Ta\u015f\u0131 At\u0131ld\u0131"},"content":{"rendered":"<p>LAZK\u0130YE \u2013 H\u00fck\u00fcmet heyeti e\u015fli\u011finde Hama, Lazkiye ve Tartus illerine hizmet ve kalk\u0131nsal durumlar\u0131 inceleme gezisini s\u00fcrd\u00fcren Ba\u015fbakan \u0130mad Hamis; Lazkiye\u2019deki Sanayi B\u00f6lgesinde araba al\u0131m sat\u0131m\u0131na has olarak in\u015fa edilen \u015firket ve ofis in\u015faat projesinin temel ta\u015f\u0131n\u0131 att\u0131.<\/p>\n<p>40 d\u00f6n\u00fcml\u00fck arazi \u00fczerinde in\u015fa edilen projenin toplam maliyeti 1 milyar 657 milyon liray\u0131 a\u015ft\u0131\u011f\u0131 projenin temel ta\u015f\u0131n\u0131 atmas\u0131 ard\u0131ndan Ba\u015fbakan Hamis; projenin en k\u0131sa s\u00fcre i\u00e7inde belirlenen ko\u015fullar kapsam\u0131nda tamamlanmas\u0131 gere\u011finin alt\u0131n\u0131 \u00e7izdi.<\/p>\n<p>Lazkiye \u015eehir Meclisi Ba\u015fkan\u0131 Ahmet Vezzan, projenin ekonomik ve sosyal a\u00e7\u0131dan \u00f6nemine dikkat \u00e7ekti. Vezzan her biri 120 metre karelik alan \u00fczerinde iki katl\u0131 olarak in\u015fa edilen 200 araba al\u0131m sat\u0131m\u0131 ofisinin yer alaca\u011f\u0131 projede ayr\u0131ca her biri 260 metre karelik alan \u00fczerinde 3 katl\u0131 8 araba firmas\u0131n\u0131n da yer ald\u0131\u011f\u0131n\u0131 a\u00e7\u0131klad\u0131.<\/p>\n<div id='gallery-1' class='gallery galleryid-127284 gallery-columns-2 gallery-size-thumbnail'><figure class='gallery-item'>\n\t\t\t<div class='gallery-icon landscape'>\n\t\t\t\t<a href='https:\/\/archive.sana.sy\/tr\/wp-content\/uploads\/2017\/10\/1-118.jpg'><img loading=\"lazy\" decoding=\"async\" width=\"150\" height=\"75\" src=\"https:\/\/archive.sana.sy\/tr\/wp-content\/uploads\/2017\/10\/1-118-150x75.jpg\" class=\"attachment-thumbnail size-thumbnail\" alt=\"\" srcset=\"https:\/\/archive.sana.sy\/tr\/wp-content\/uploads\/2017\/10\/1-118-150x75.jpg 150w, https:\/\/archive.sana.sy\/tr\/wp-content\/uploads\/2017\/10\/1-118-300x150.jpg 300w, https:\/\/archive.sana.sy\/tr\/wp-content\/uploads\/2017\/10\/1-118.jpg 660w\" sizes=\"auto, (max-width: 150px) 100vw, 150px\" \/><\/a>\n\t\t\t<\/div><\/figure><figure class='gallery-item'>\n\t\t\t<div class='gallery-icon landscape'>\n\t\t\t\t<a href='https:\/\/archive.sana.sy\/tr\/wp-content\/uploads\/2017\/10\/2-67.jpg'><img loading=\"lazy\" decoding=\"async\" width=\"150\" height=\"72\" src=\"https:\/\/archive.sana.sy\/tr\/wp-content\/uploads\/2017\/10\/2-67-150x72.jpg\" class=\"attachment-thumbnail size-thumbnail\" alt=\"\" srcset=\"https:\/\/archive.sana.sy\/tr\/wp-content\/uploads\/2017\/10\/2-67-150x72.jpg 150w, https:\/\/archive.sana.sy\/tr\/wp-content\/uploads\/2017\/10\/2-67-300x144.jpg 300w, https:\/\/archive.sana.sy\/tr\/wp-content\/uploads\/2017\/10\/2-67.jpg 660w\" sizes=\"auto, (max-width: 150px) 100vw, 150px\" \/><\/a>\n\t\t\t<\/div><\/figure>\n\t\t<\/div>\n\n","protected":false},"excerpt":{"rendered":"<p>LAZK\u0130YE \u2013 H\u00fck\u00fcmet heyeti e\u015fli\u011finde Hama, Lazkiye ve Tartus illerine hizmet ve kalk\u0131nsal durumlar\u0131 inceleme gezisini s\u00fcrd\u00fcren Ba\u015fbakan \u0130mad Hamis; Lazkiye\u2019deki Sanayi B\u00f6lgesinde araba al\u0131m sat\u0131m\u0131na has olarak in\u015fa edilen \u015firket ve ofis in\u015faat projesinin temel ta\u015f\u0131n\u0131 att\u0131. 40 d\u00f6n\u00fcml\u00fck arazi \u00fczerinde in\u015fa edilen projenin toplam maliyeti 1 milyar 657 milyon liray\u0131 a\u015ft\u0131\u011f\u0131 projenin temel &hellip;<\/p>\n","protected":false},"author":1,"featured_media":127288,"comment_status":"closed","ping_status":"closed","sticky":false,"template":"","format":"standard","meta":{"footnotes":""},"categories":[485,486,17988],"tags":[32896,32897,18703,21934,4026,25129,16591,24421,12240,22181],"class_list":["post-127284","post","type-post","status-publish","format-standard","has-post-thumbnail","","category-is-ve-sermaye","category-haberler-is-ve-sermaye","category-son-haberler","tag-araba-alim-satimi","tag-araba-firmalari","tag-basbakan","tag-imad-hamis","tag-lazkiye","tag-sanayi-bolgesi","tag-suriye","tag-suriye-ekonomisi","tag-suriye-hukumeti","tag-suriyeliler"],"_links":{"self":[{"href":"https:\/\/archive.sana.sy\/tr\/index.php?rest_route=\/wp\/v2\/posts\/127284","targetHints":{"allow":["GET"]}}],"collection":[{"href":"https:\/\/archive.sana.sy\/tr\/index.php?rest_route=\/wp\/v2\/posts"}],"about":[{"href":"https:\/\/archive.sana.sy\/tr\/index.php?rest_route=\/wp\/v2\/types\/post"}],"author":[{"embeddable":true,"href":"https:\/\/archive.sana.sy\/tr\/index.php?rest_route=\/wp\/v2\/users\/1"}],"replies":[{"embeddable":true,"href":"https:\/\/archive.sana.sy\/tr\/index.php?rest_route=%2Fwp%2Fv2%2Fcomments&post=127284"}],"version-history":[{"count":0,"href":"https:\/\/archive.sana.sy\/tr\/index.php?rest_route=\/wp\/v2\/posts\/127284\/revisions"}],"wp:featuredmedia":[{"embeddable":true,"href":"https:\/\/archive.sana.sy\/tr\/index.php?rest_route=\/wp\/v2\/media\/127288"}],"wp:attachment":[{"href":"https:\/\/archive.sana.sy\/tr\/index.php?rest_route=%2Fwp%2Fv2%2Fmedia&parent=127284"}],"wp:term":[{"taxonomy":"category","embeddable":true,"href":"https:\/\/archive.sana.sy\/tr\/index.php?rest_route=%2Fwp%2Fv2%2Fcategories&post=127284"},{"taxonomy":"post_tag","embeddable":true,"href":"https:\/\/archive.sana.sy\/tr\/index.php?rest_route=%2Fwp%2Fv2%2Ftags&post=127284"}],"curies":[{"name":"wp","href":"https:\/\/api.w.org\/{rel}","templated":true}]}}