{"id":127295,"date":"2017-10-22T16:35:29","date_gmt":"2017-10-22T13:35:29","guid":{"rendered":"http:\/\/www.sana.sy\/tr\/?p=127295"},"modified":"2017-10-23T15:00:14","modified_gmt":"2017-10-23T12:00:14","slug":"yuksek-yargi-kurulu-davalari-baska-mahkemelere-tasiyabilecek","status":"publish","type":"post","link":"https:\/\/archive.sana.sy\/tr\/?p=127295","title":{"rendered":"Y\u00fcksek yarg\u0131 Kurulu Davalar\u0131 Ba\u015fka Mahkemelere Ta\u015f\u0131yabilecek"},"content":{"rendered":"<p>\u015eAM \u2013 Halk Meclisi bug\u00fcn ba\u015fkan\u0131 Hammuda Sabba\u011f ba\u015fkanl\u0131\u011f\u0131nda d\u00fczenledi\u011fi ola\u011fan toplant\u0131s\u0131nda Y\u00fcksek Yarg\u0131 Kuruluna davalar\u0131 bir mahkemeden ba\u015fka bir mahkemeye aktarma yetkisi tan\u0131yan 2013\/28 say\u0131l\u0131 yasama karar\u0131n\u0131n s\u00fcresini uzatma karar\u0131n\u0131 \u00e7o\u011funluk oyla onaylad\u0131.<\/p>\n<p>Meclis toplant\u0131s\u0131nda ayr\u0131ca tart\u0131\u015fmas\u0131 ard\u0131ndan Suriye&#8217;nin Paris \u0130klim De\u011fi\u015fikli\u011fi anla\u015fmas\u0131na kat\u0131lmas\u0131n\u0131 \u00f6ng\u00f6ren karar\u0131 da onaylad\u0131.<\/p>\n<p>Daha sonra meclis oturum g\u00fcndeminde yer alan bir dizi karar ve kanun tasar\u0131s\u0131n\u0131 inceleyip tart\u0131\u015fmas\u0131 ard\u0131ndan incelenip daha sonra yeniden meclise sunulmak \u00fczere ilgili uzman komisyonlara sevk etti.<\/p>\n","protected":false},"excerpt":{"rendered":"<p>\u015eAM \u2013 Halk Meclisi bug\u00fcn ba\u015fkan\u0131 Hammuda Sabba\u011f ba\u015fkanl\u0131\u011f\u0131nda d\u00fczenledi\u011fi ola\u011fan toplant\u0131s\u0131nda Y\u00fcksek Yarg\u0131 Kuruluna davalar\u0131 bir mahkemeden ba\u015fka bir mahkemeye aktarma yetkisi tan\u0131yan 2013\/28 say\u0131l\u0131 yasama karar\u0131n\u0131n s\u00fcresini uzatma karar\u0131n\u0131 \u00e7o\u011funluk oyla onaylad\u0131. Meclis toplant\u0131s\u0131nda ayr\u0131ca tart\u0131\u015fmas\u0131 ard\u0131ndan Suriye&#8217;nin Paris \u0130klim De\u011fi\u015fikli\u011fi anla\u015fmas\u0131na kat\u0131lmas\u0131n\u0131 \u00f6ng\u00f6ren karar\u0131 da onaylad\u0131. Daha sonra meclis oturum g\u00fcndeminde yer &hellip;<\/p>\n","protected":false},"author":1,"featured_media":127297,"comment_status":"closed","ping_status":"closed","sticky":false,"template":"","format":"standard","meta":{"footnotes":""},"categories":[479,17988,478],"tags":[32899,16838,32556,32900,32901,16591,32898],"class_list":["post-127295","post","type-post","status-publish","format-standard","has-post-thumbnail","","category-haberler-yerel","category-son-haberler","category-yerel","tag-201328-sayili-yasama-karari","tag-halk-meclisi","tag-hammuda-sabbag","tag-meclis-toplantisinda","tag-paris-iklim-degisikligi","tag-suriye","tag-yuksek-yargi-kuruluna"],"_links":{"self":[{"href":"https:\/\/archive.sana.sy\/tr\/index.php?rest_route=\/wp\/v2\/posts\/127295","targetHints":{"allow":["GET"]}}],"collection":[{"href":"https:\/\/archive.sana.sy\/tr\/index.php?rest_route=\/wp\/v2\/posts"}],"about":[{"href":"https:\/\/archive.sana.sy\/tr\/index.php?rest_route=\/wp\/v2\/types\/post"}],"author":[{"embeddable":true,"href":"https:\/\/archive.sana.sy\/tr\/index.php?rest_route=\/wp\/v2\/users\/1"}],"replies":[{"embeddable":true,"href":"https:\/\/archive.sana.sy\/tr\/index.php?rest_route=%2Fwp%2Fv2%2Fcomments&post=127295"}],"version-history":[{"count":0,"href":"https:\/\/archive.sana.sy\/tr\/index.php?rest_route=\/wp\/v2\/posts\/127295\/revisions"}],"wp:featuredmedia":[{"embeddable":true,"href":"https:\/\/archive.sana.sy\/tr\/index.php?rest_route=\/wp\/v2\/media\/127297"}],"wp:attachment":[{"href":"https:\/\/archive.sana.sy\/tr\/index.php?rest_route=%2Fwp%2Fv2%2Fmedia&parent=127295"}],"wp:term":[{"taxonomy":"category","embeddable":true,"href":"https:\/\/archive.sana.sy\/tr\/index.php?rest_route=%2Fwp%2Fv2%2Fcategories&post=127295"},{"taxonomy":"post_tag","embeddable":true,"href":"https:\/\/archive.sana.sy\/tr\/index.php?rest_route=%2Fwp%2Fv2%2Ftags&post=127295"}],"curies":[{"name":"wp","href":"https:\/\/api.w.org\/{rel}","templated":true}]}}