{"id":12731,"date":"2014-10-12T16:36:52","date_gmt":"2014-10-12T13:36:52","guid":{"rendered":"http:\/\/sanasyria.org\/tr\/?p=12731"},"modified":"2014-10-12T16:36:52","modified_gmt":"2014-10-12T13:36:52","slug":"lubnan-ordusu-suriyelilerin-kaldiklari-yerlere-baskin-duzenledi","status":"publish","type":"post","link":"https:\/\/archive.sana.sy\/tr\/?p=12731","title":{"rendered":"L\u00fcbnan Ordusu Suriyelilerin Kald\u0131klar\u0131 Yerlere bask\u0131n D\u00fczenledi"},"content":{"rendered":"<p>BEYRUT \u2013 L\u00fcbnan ordusu L\u00fcbnan&#8217;\u0131n kuzeyi Akkar B\u00f6lgesinde Eydmon Beldesi yak\u0131nlar\u0131nda tehcir edilen Suriyelilerin bulunduklar\u0131 kamplar\u0131 \u2018ter\u00f6rist bar\u0131nd\u0131rma\u2019 \u015f\u00fcpheleriyle bast\u0131.<\/p>\n<p>L\u00fcbnan Ulusal Enformasyon Ajans\u0131 ordunun kampa bask\u0131n\u0131 s\u0131ras\u0131nda askeri devriyeye ate\u015f a\u00e7\u0131lmas\u0131yla ya\u015fanan \u00e7at\u0131\u015fmada ter\u00f6r \u00f6rg\u00fct\u00fc \u00fcyesi olmakla su\u00e7lanan kanun ka\u00e7a\u011f\u0131 Fuat el Arur\u2019un a\u011f\u0131r yaraland\u0131\u011f\u0131n\u0131 belirtti.<\/p>\n<p>L\u00fcbnan ordusu ayn\u0131 zamanda Bluna B\u00f6lgesinde yine ter\u00f6r \u00f6rg\u00fct\u00fc \u00fcyelerinin bulundu\u011fu \u015f\u00fcpheleriyle Suriyeli i\u015f\u00e7ilerin k\u00fcmelendikleri bir yere bask\u0131n d\u00fczenledi.<\/p>\n","protected":false},"excerpt":{"rendered":"<p>BEYRUT \u2013 L\u00fcbnan ordusu L\u00fcbnan&#8217;\u0131n kuzeyi Akkar B\u00f6lgesinde Eydmon Beldesi yak\u0131nlar\u0131nda tehcir edilen Suriyelilerin bulunduklar\u0131 kamplar\u0131 \u2018ter\u00f6rist bar\u0131nd\u0131rma\u2019 \u015f\u00fcpheleriyle bast\u0131. L\u00fcbnan Ulusal Enformasyon Ajans\u0131 ordunun kampa bask\u0131n\u0131 s\u0131ras\u0131nda askeri devriyeye ate\u015f a\u00e7\u0131lmas\u0131yla ya\u015fanan \u00e7at\u0131\u015fmada ter\u00f6r \u00f6rg\u00fct\u00fc \u00fcyesi olmakla su\u00e7lanan kanun ka\u00e7a\u011f\u0131 Fuat el Arur\u2019un a\u011f\u0131r yaraland\u0131\u011f\u0131n\u0131 belirtti. L\u00fcbnan ordusu ayn\u0131 zamanda Bluna B\u00f6lgesinde yine ter\u00f6r &hellip;<\/p>\n","protected":false},"author":1,"featured_media":12732,"comment_status":"closed","ping_status":"closed","sticky":false,"template":"","format":"standard","meta":{"footnotes":""},"categories":[458,459,447],"tags":[3445],"class_list":["post-12731","post","type-post","status-publish","format-standard","has-post-thumbnail","","category-dunya1","category-haberler-arap-uluslararasi-politika","category-politika","tag-lubnan-ordusu-suriyelilerin-kaldiklari-yerlere-baskin-duzenledi-beyrut-lubnan-ordusu-lubnanin-kuzeyi-akkar-bolgesinde-eydmon-beldesi-yakinlarinda-tehcir-edilen-suriyelilerin-bulunduklari-ka"],"_links":{"self":[{"href":"https:\/\/archive.sana.sy\/tr\/index.php?rest_route=\/wp\/v2\/posts\/12731","targetHints":{"allow":["GET"]}}],"collection":[{"href":"https:\/\/archive.sana.sy\/tr\/index.php?rest_route=\/wp\/v2\/posts"}],"about":[{"href":"https:\/\/archive.sana.sy\/tr\/index.php?rest_route=\/wp\/v2\/types\/post"}],"author":[{"embeddable":true,"href":"https:\/\/archive.sana.sy\/tr\/index.php?rest_route=\/wp\/v2\/users\/1"}],"replies":[{"embeddable":true,"href":"https:\/\/archive.sana.sy\/tr\/index.php?rest_route=%2Fwp%2Fv2%2Fcomments&post=12731"}],"version-history":[{"count":0,"href":"https:\/\/archive.sana.sy\/tr\/index.php?rest_route=\/wp\/v2\/posts\/12731\/revisions"}],"wp:featuredmedia":[{"embeddable":true,"href":"https:\/\/archive.sana.sy\/tr\/index.php?rest_route=\/wp\/v2\/media\/12732"}],"wp:attachment":[{"href":"https:\/\/archive.sana.sy\/tr\/index.php?rest_route=%2Fwp%2Fv2%2Fmedia&parent=12731"}],"wp:term":[{"taxonomy":"category","embeddable":true,"href":"https:\/\/archive.sana.sy\/tr\/index.php?rest_route=%2Fwp%2Fv2%2Fcategories&post=12731"},{"taxonomy":"post_tag","embeddable":true,"href":"https:\/\/archive.sana.sy\/tr\/index.php?rest_route=%2Fwp%2Fv2%2Ftags&post=12731"}],"curies":[{"name":"wp","href":"https:\/\/api.w.org\/{rel}","templated":true}]}}