{"id":127405,"date":"2017-10-24T11:51:34","date_gmt":"2017-10-24T08:51:34","guid":{"rendered":"http:\/\/www.sana.sy\/tr\/?p=127405"},"modified":"2017-10-25T14:06:50","modified_gmt":"2017-10-25T11:06:50","slug":"998-kent-ve-belde-kurtarildi-2500-bolge-de-uzlasmaya-katildi","status":"publish","type":"post","link":"https:\/\/archive.sana.sy\/tr\/?p=127405","title":{"rendered":"998 Kent ve Belde Kurtar\u0131ld\u0131, 2500 B\u00f6lge de Uzla\u015fmaya Kat\u0131ld\u0131"},"content":{"rendered":"<p>MOSKOVA \u2013 Rusya Savunma Bakan\u0131 Sergei Shoygu, Suriye&#8217;de me\u015fru h\u00fck\u00fcmetin resmi talebi \u00fczerine ter\u00f6rle m\u00fccadeleye kat\u0131lan Rus hava g\u00fc\u00e7lerinin radikal ter\u00f6ristlere ait e\u011fitim kamplar\u0131 ve bombal\u0131 ara\u00e7 ya da m\u00fchimmat\u0131n imal edildi\u011fi y\u00fczlerce mevkii imha ettiklerini belirtti.<\/p>\n<p>ASIAN savunma bakanlar\u0131 toplant\u0131s\u0131nda konu\u015fan Shoygu; Rus hava g\u00fc\u00e7lerinin Suriye&#8217;de radikal ter\u00f6ristlere kar\u015f\u0131 operasyonlar\u0131n ba\u015f\u0131ndan \u015fu ana dek ter\u00f6ristlere ait 948 e\u011fitim kamp\u0131, bomba ve m\u00fchimmat\u0131n imal edildi\u011fi 666 at\u00f6lyeyi imha ettiklerini a\u00e7\u0131klad\u0131.<\/p>\n<p>Suriye ordusunun dost ve m\u00fcttefik g\u00fc\u00e7lerle i\u015fbirli\u011fi i\u00e7inde y\u00fcr\u00fctt\u00fc\u011f\u00fc operasyonlarda 998 kent ve beldenin ter\u00f6ristlerden kurtar\u0131ld\u0131\u011f\u0131na dikkat \u00e7eken Shoygu; 2015 y\u0131l\u0131ndan beri Suriyeli 1,21 milyon insan\u0131n b\u00f6lgelerine d\u00f6nmeleriyle istikrar ve g\u00fcvenli\u011fin bir\u00e7ok b\u00f6lgede sa\u011fland\u0131\u011f\u0131n\u0131 kaydetti. Shoygu Rus Koordinasyon Merkezi ile y\u00fcr\u00fct\u00fclen ulusal uzla\u015fma \u00e7abalar\u0131 sonucunda Suriye genelinde 2500 yerle\u015fim b\u00f6lgesinin uzla\u015fmaya kat\u0131ld\u0131klar\u0131na vurgu yapt\u0131.<\/p>\n","protected":false},"excerpt":{"rendered":"<p>MOSKOVA \u2013 Rusya Savunma Bakan\u0131 Sergei Shoygu, Suriye&#8217;de me\u015fru h\u00fck\u00fcmetin resmi talebi \u00fczerine ter\u00f6rle m\u00fccadeleye kat\u0131lan Rus hava g\u00fc\u00e7lerinin radikal ter\u00f6ristlere ait e\u011fitim kamplar\u0131 ve bombal\u0131 ara\u00e7 ya da m\u00fchimmat\u0131n imal edildi\u011fi y\u00fczlerce mevkii imha ettiklerini belirtti. ASIAN savunma bakanlar\u0131 toplant\u0131s\u0131nda konu\u015fan Shoygu; Rus hava g\u00fc\u00e7lerinin Suriye&#8217;de radikal ter\u00f6ristlere kar\u015f\u0131 operasyonlar\u0131n ba\u015f\u0131ndan \u015fu ana dek &hellip;<\/p>\n","protected":false},"author":1,"featured_media":127408,"comment_status":"closed","ping_status":"closed","sticky":false,"template":"","format":"standard","meta":{"footnotes":""},"categories":[458,459,17988],"tags":[18576,18577,2318,17048,18801,16592,20390,20777,16591,22181,4076],"class_list":["post-127405","post","type-post","status-publish","format-standard","has-post-thumbnail","","category-dunya1","category-haberler-arap-uluslararasi-politika","category-son-haberler","tag-daes","tag-deas","tag-isid","tag-rus-hava-gucleri","tag-rus-savas-ucaklari","tag-rusya","tag-rusya-savunma-baknaligi","tag-sergei-shoygu","tag-suriye","tag-suriyeliler","tag-terorle-mucadele"],"_links":{"self":[{"href":"https:\/\/archive.sana.sy\/tr\/index.php?rest_route=\/wp\/v2\/posts\/127405","targetHints":{"allow":["GET"]}}],"collection":[{"href":"https:\/\/archive.sana.sy\/tr\/index.php?rest_route=\/wp\/v2\/posts"}],"about":[{"href":"https:\/\/archive.sana.sy\/tr\/index.php?rest_route=\/wp\/v2\/types\/post"}],"author":[{"embeddable":true,"href":"https:\/\/archive.sana.sy\/tr\/index.php?rest_route=\/wp\/v2\/users\/1"}],"replies":[{"embeddable":true,"href":"https:\/\/archive.sana.sy\/tr\/index.php?rest_route=%2Fwp%2Fv2%2Fcomments&post=127405"}],"version-history":[{"count":0,"href":"https:\/\/archive.sana.sy\/tr\/index.php?rest_route=\/wp\/v2\/posts\/127405\/revisions"}],"wp:featuredmedia":[{"embeddable":true,"href":"https:\/\/archive.sana.sy\/tr\/index.php?rest_route=\/wp\/v2\/media\/127408"}],"wp:attachment":[{"href":"https:\/\/archive.sana.sy\/tr\/index.php?rest_route=%2Fwp%2Fv2%2Fmedia&parent=127405"}],"wp:term":[{"taxonomy":"category","embeddable":true,"href":"https:\/\/archive.sana.sy\/tr\/index.php?rest_route=%2Fwp%2Fv2%2Fcategories&post=127405"},{"taxonomy":"post_tag","embeddable":true,"href":"https:\/\/archive.sana.sy\/tr\/index.php?rest_route=%2Fwp%2Fv2%2Ftags&post=127405"}],"curies":[{"name":"wp","href":"https:\/\/api.w.org\/{rel}","templated":true}]}}