{"id":127406,"date":"2017-10-24T14:00:49","date_gmt":"2017-10-24T11:00:49","guid":{"rendered":"http:\/\/www.sana.sy\/tr\/?p=127406"},"modified":"2017-10-25T14:06:40","modified_gmt":"2017-10-25T11:06:40","slug":"lazkiyede-bombali-arac-yakalandi","status":"publish","type":"post","link":"https:\/\/archive.sana.sy\/tr\/?p=127406","title":{"rendered":"Lazkiye\u2019de Bombal\u0131 Ara\u00e7 Yakaland\u0131"},"content":{"rendered":"<p>LAZK\u0130YE \u2013 G\u00fcvenlik birimleri bug\u00fcn sabah saatlerinde Lazkiye Kentinin kenarlar\u0131 Te\u015frin Banliy\u00f6s\u00fcnde \u015fiddetli etkiye sahip C-4 patlay\u0131c\u0131 ile haz\u0131rlanm\u0131\u015f bombal\u0131 ara\u00e7 ele ge\u00e7irdi.<\/p>\n<p>Lazkiye \u0130l Emniyet M\u00fcd\u00fcrl\u00fc\u011f\u00fcnde bir yetkili; g\u00fcvenlik birimlerinin izleme ve takip operasyonu sonucunda Lazkiye Kentinin kenarlar\u0131 Te\u015frin Banliy\u00f6s\u00fcnde \u015fiddetli etkiye sahip 50 kg C-4 ile haz\u0131rlanm\u0131\u015f pikap tipi bir ara\u00e7 yakalad\u0131klar\u0131n\u0131 belirtti. Yetkili arac\u0131n banliy\u00f6deki Osman Cerrahi Hastanesi yak\u0131nlar\u0131nda bulundu\u011funa dikkat \u00e7ekti.<\/p>\n<p>Ara\u00e7ta bir ki\u015finin yakaland\u0131\u011f\u0131n\u0131 ifade eden yetkili, \u015fah\u0131s\u0131n soru\u015fturmaya al\u0131nd\u0131\u011f\u0131n\u0131 kaydetti.<\/p>\n<div id='gallery-1' class='gallery galleryid-127406 gallery-columns-4 gallery-size-thumbnail'><figure class='gallery-item'>\n\t\t\t<div class='gallery-icon landscape'>\n\t\t\t\t<a href='https:\/\/archive.sana.sy\/tr\/wp-content\/uploads\/2017\/10\/photo_2017-10-24_11-43-28.jpg'><img loading=\"lazy\" decoding=\"async\" width=\"150\" height=\"95\" src=\"https:\/\/archive.sana.sy\/tr\/wp-content\/uploads\/2017\/10\/photo_2017-10-24_11-43-28-150x95.jpg\" class=\"attachment-thumbnail size-thumbnail\" alt=\"\" srcset=\"https:\/\/archive.sana.sy\/tr\/wp-content\/uploads\/2017\/10\/photo_2017-10-24_11-43-28-150x95.jpg 150w, https:\/\/archive.sana.sy\/tr\/wp-content\/uploads\/2017\/10\/photo_2017-10-24_11-43-28-300x190.jpg 300w, https:\/\/archive.sana.sy\/tr\/wp-content\/uploads\/2017\/10\/photo_2017-10-24_11-43-28-768x486.jpg 768w, https:\/\/archive.sana.sy\/tr\/wp-content\/uploads\/2017\/10\/photo_2017-10-24_11-43-28.jpg 800w\" sizes=\"auto, (max-width: 150px) 100vw, 150px\" \/><\/a>\n\t\t\t<\/div><\/figure><figure class='gallery-item'>\n\t\t\t<div class='gallery-icon landscape'>\n\t\t\t\t<a href='https:\/\/archive.sana.sy\/tr\/wp-content\/uploads\/2017\/10\/photo_2017-10-24_11-43-40.jpg'><img loading=\"lazy\" decoding=\"async\" width=\"150\" height=\"90\" src=\"https:\/\/archive.sana.sy\/tr\/wp-content\/uploads\/2017\/10\/photo_2017-10-24_11-43-40-150x90.jpg\" class=\"attachment-thumbnail size-thumbnail\" alt=\"\" srcset=\"https:\/\/archive.sana.sy\/tr\/wp-content\/uploads\/2017\/10\/photo_2017-10-24_11-43-40-150x90.jpg 150w, https:\/\/archive.sana.sy\/tr\/wp-content\/uploads\/2017\/10\/photo_2017-10-24_11-43-40-300x180.jpg 300w, https:\/\/archive.sana.sy\/tr\/wp-content\/uploads\/2017\/10\/photo_2017-10-24_11-43-40-768x461.jpg 768w, https:\/\/archive.sana.sy\/tr\/wp-content\/uploads\/2017\/10\/photo_2017-10-24_11-43-40.jpg 900w\" sizes=\"auto, (max-width: 150px) 100vw, 150px\" \/><\/a>\n\t\t\t<\/div><\/figure><figure class='gallery-item'>\n\t\t\t<div class='gallery-icon landscape'>\n\t\t\t\t<a href='https:\/\/archive.sana.sy\/tr\/wp-content\/uploads\/2017\/10\/photo_2017-10-24_11-43-52.jpg'><img loading=\"lazy\" decoding=\"async\" width=\"150\" height=\"90\" src=\"https:\/\/archive.sana.sy\/tr\/wp-content\/uploads\/2017\/10\/photo_2017-10-24_11-43-52-150x90.jpg\" class=\"attachment-thumbnail size-thumbnail\" alt=\"\" srcset=\"https:\/\/archive.sana.sy\/tr\/wp-content\/uploads\/2017\/10\/photo_2017-10-24_11-43-52-150x90.jpg 150w, https:\/\/archive.sana.sy\/tr\/wp-content\/uploads\/2017\/10\/photo_2017-10-24_11-43-52-300x180.jpg 300w, https:\/\/archive.sana.sy\/tr\/wp-content\/uploads\/2017\/10\/photo_2017-10-24_11-43-52-768x461.jpg 768w, https:\/\/archive.sana.sy\/tr\/wp-content\/uploads\/2017\/10\/photo_2017-10-24_11-43-52.jpg 900w\" sizes=\"auto, (max-width: 150px) 100vw, 150px\" \/><\/a>\n\t\t\t<\/div><\/figure><figure class='gallery-item'>\n\t\t\t<div class='gallery-icon landscape'>\n\t\t\t\t<a href='https:\/\/archive.sana.sy\/tr\/wp-content\/uploads\/2017\/10\/photo_2017-10-24_11-44-11.jpg'><img loading=\"lazy\" decoding=\"async\" width=\"150\" height=\"94\" src=\"https:\/\/archive.sana.sy\/tr\/wp-content\/uploads\/2017\/10\/photo_2017-10-24_11-44-11-150x94.jpg\" class=\"attachment-thumbnail size-thumbnail\" alt=\"\" srcset=\"https:\/\/archive.sana.sy\/tr\/wp-content\/uploads\/2017\/10\/photo_2017-10-24_11-44-11-150x94.jpg 150w, https:\/\/archive.sana.sy\/tr\/wp-content\/uploads\/2017\/10\/photo_2017-10-24_11-44-11-300x189.jpg 300w, https:\/\/archive.sana.sy\/tr\/wp-content\/uploads\/2017\/10\/photo_2017-10-24_11-44-11-768x483.jpg 768w, https:\/\/archive.sana.sy\/tr\/wp-content\/uploads\/2017\/10\/photo_2017-10-24_11-44-11.jpg 858w\" sizes=\"auto, (max-width: 150px) 100vw, 150px\" \/><\/a>\n\t\t\t<\/div><\/figure>\n\t\t<\/div>\n\n","protected":false},"excerpt":{"rendered":"<p>LAZK\u0130YE \u2013 G\u00fcvenlik birimleri bug\u00fcn sabah saatlerinde Lazkiye Kentinin kenarlar\u0131 Te\u015frin Banliy\u00f6s\u00fcnde \u015fiddetli etkiye sahip C-4 patlay\u0131c\u0131 ile haz\u0131rlanm\u0131\u015f bombal\u0131 ara\u00e7 ele ge\u00e7irdi. Lazkiye \u0130l Emniyet M\u00fcd\u00fcrl\u00fc\u011f\u00fcnde bir yetkili; g\u00fcvenlik birimlerinin izleme ve takip operasyonu sonucunda Lazkiye Kentinin kenarlar\u0131 Te\u015frin Banliy\u00f6s\u00fcnde \u015fiddetli etkiye sahip 50 kg C-4 ile haz\u0131rlanm\u0131\u015f pikap tipi bir ara\u00e7 yakalad\u0131klar\u0131n\u0131 belirtti. &hellip;<\/p>\n","protected":false},"author":1,"featured_media":127415,"comment_status":"closed","ping_status":"closed","sticky":false,"template":"","format":"standard","meta":{"footnotes":""},"categories":[596,479,575,17988,478],"tags":[17129,18575,18237,4026,18674,16591,19034,22181,2930],"class_list":["post-127406","post","type-post","status-publish","format-standard","has-post-thumbnail","","category-fotografli-raporlar","category-haberler-yerel","category-olaylar-ve-gercekler","category-son-haberler","category-yerel","tag-bombali-arac","tag-canli-bomba","tag-cihatcilar","tag-lazkiye","tag-silahli-muhalifler","tag-suriye","tag-suriyeli-muhalifler","tag-suriyeliler","tag-teroristler"],"_links":{"self":[{"href":"https:\/\/archive.sana.sy\/tr\/index.php?rest_route=\/wp\/v2\/posts\/127406","targetHints":{"allow":["GET"]}}],"collection":[{"href":"https:\/\/archive.sana.sy\/tr\/index.php?rest_route=\/wp\/v2\/posts"}],"about":[{"href":"https:\/\/archive.sana.sy\/tr\/index.php?rest_route=\/wp\/v2\/types\/post"}],"author":[{"embeddable":true,"href":"https:\/\/archive.sana.sy\/tr\/index.php?rest_route=\/wp\/v2\/users\/1"}],"replies":[{"embeddable":true,"href":"https:\/\/archive.sana.sy\/tr\/index.php?rest_route=%2Fwp%2Fv2%2Fcomments&post=127406"}],"version-history":[{"count":0,"href":"https:\/\/archive.sana.sy\/tr\/index.php?rest_route=\/wp\/v2\/posts\/127406\/revisions"}],"wp:featuredmedia":[{"embeddable":true,"href":"https:\/\/archive.sana.sy\/tr\/index.php?rest_route=\/wp\/v2\/media\/127415"}],"wp:attachment":[{"href":"https:\/\/archive.sana.sy\/tr\/index.php?rest_route=%2Fwp%2Fv2%2Fmedia&parent=127406"}],"wp:term":[{"taxonomy":"category","embeddable":true,"href":"https:\/\/archive.sana.sy\/tr\/index.php?rest_route=%2Fwp%2Fv2%2Fcategories&post=127406"},{"taxonomy":"post_tag","embeddable":true,"href":"https:\/\/archive.sana.sy\/tr\/index.php?rest_route=%2Fwp%2Fv2%2Ftags&post=127406"}],"curies":[{"name":"wp","href":"https:\/\/api.w.org\/{rel}","templated":true}]}}