{"id":127420,"date":"2017-10-24T11:27:12","date_gmt":"2017-10-24T08:27:12","guid":{"rendered":"http:\/\/www.sana.sy\/tr\/?p=127420"},"modified":"2017-10-25T14:07:06","modified_gmt":"2017-10-25T11:07:06","slug":"ulkenin-tamaminda-ulusal-ordu-guvenligi-saglamalidir","status":"publish","type":"post","link":"https:\/\/archive.sana.sy\/tr\/?p=127420","title":{"rendered":"\u00dclkenin Tamam\u0131nda Ulusal Ordu G\u00fcvenli\u011fi Sa\u011flamal\u0131d\u0131r"},"content":{"rendered":"<p>PAR\u0130S \u2013 M\u0131s\u0131r Cumhurba\u015fkan\u0131 Abd\u00fclfettah el Sisi; Suriye&#8217;nin ulusal birli\u011finin korunmas\u0131 ve ya\u015fad\u0131\u011f\u0131 krizin siyasi yollarla \u00e7\u00f6z\u00fcm \u00e7abalar\u0131n\u0131n h\u0131zland\u0131r\u0131lmas\u0131 gere\u011fini vurgularken, Suriye&#8217;nin gelece\u011finin sadece Suriyeliler taraf\u0131ndan belirlenmesi gere\u011finde M\u0131s\u0131r\u2019\u0131n tutumunu yineledi.<\/p>\n<p>Fransa\u2019ya bulundu\u011fu i\u015f ziyareti esnas\u0131nda televizyona verdi\u011fi deme\u00e7te Sisi; b\u00f6lgede durumlar\u0131n daha k\u00f6t\u00fcye t\u0131rmanmamas\u0131 amac\u0131yla Suriye&#8217;nin toprak b\u00fct\u00fcnl\u00fc\u011f\u00fcn\u00fcn korunup krizin siyasi yollarla \u00e7\u00f6z\u00fclmesi gere\u011finin alt\u0131n\u0131 \u00e7izdi.<\/p>\n<p>Suriye gibi olaylar ya\u015fayan devletlerde ulusal ordunun \u00fclke topraklar\u0131n\u0131n her kar\u0131\u015f\u0131ndan g\u00fcvenlik ve istikrarsan kendisi sorumlu olmas\u0131 gere\u011fini ifade eden Sisi; ya\u015fanan krizin sona ermesi i\u00e7in bunun tek ve en do\u011fru yol odlu\u011funu belirtti.<\/p>\n<p>Suriye ve Irak\u2019ta ter\u00f6re kar\u015f\u0131 sa\u011flanan ba\u015far\u0131lar\u0131n \u00fclkesi taraf\u0131ndan takdirle kar\u015f\u0131land\u0131\u011f\u0131n\u0131 ifade eden Sisi; bunun sonucunda ter\u00f6r\u00fcn M\u0131s\u0131r, Libya ve daha ba\u015fka devletlere ge\u00e7eceklerine dikkat \u00e7ekti. Sisi dolay\u0131s\u0131yla ter\u00f6re kar\u015f\u0131 ciddi ve yo\u011fun \u00e7abalar\u0131n olmas\u0131 gerekti\u011fini, uluslar aras\u0131 bir koordinasyon ve i\u015fbirli\u011finin ka\u00e7\u0131n\u0131lmaz oldu\u011funu kaydetti.<\/p>\n<p>M\u0131s\u0131r Cumhurba\u015fkan\u0131 Sisi; bir k\u0131s\u0131m devletlerin hala ter\u00f6r\u00fc edat olarak kullan\u0131p bu ter\u00f6re mali, askeri ve siyasi destek temin etti\u011fine vurgu yaparken, bunun derhal kesilmesi gere\u011finin alt\u0131n\u0131 \u00e7izdi.<\/p>\n","protected":false},"excerpt":{"rendered":"<p>PAR\u0130S \u2013 M\u0131s\u0131r Cumhurba\u015fkan\u0131 Abd\u00fclfettah el Sisi; Suriye&#8217;nin ulusal birli\u011finin korunmas\u0131 ve ya\u015fad\u0131\u011f\u0131 krizin siyasi yollarla \u00e7\u00f6z\u00fcm \u00e7abalar\u0131n\u0131n h\u0131zland\u0131r\u0131lmas\u0131 gere\u011fini vurgularken, Suriye&#8217;nin gelece\u011finin sadece Suriyeliler taraf\u0131ndan belirlenmesi gere\u011finde M\u0131s\u0131r\u2019\u0131n tutumunu yineledi. Fransa\u2019ya bulundu\u011fu i\u015f ziyareti esnas\u0131nda televizyona verdi\u011fi deme\u00e7te Sisi; b\u00f6lgede durumlar\u0131n daha k\u00f6t\u00fcye t\u0131rmanmamas\u0131 amac\u0131yla Suriye&#8217;nin toprak b\u00fct\u00fcnl\u00fc\u011f\u00fcn\u00fcn korunup krizin siyasi yollarla \u00e7\u00f6z\u00fclmesi gere\u011finin &hellip;<\/p>\n","protected":false},"author":1,"featured_media":127421,"comment_status":"closed","ping_status":"closed","sticky":false,"template":"","format":"standard","meta":{"footnotes":""},"categories":[458,459,17988],"tags":[19265,32918,1302,16591,18574,11549,22181,4076],"class_list":["post-127420","post","type-post","status-publish","format-standard","has-post-thumbnail","","category-dunya1","category-haberler-arap-uluslararasi-politika","category-son-haberler","tag-abdulfettah-el-sisi","tag-devlet-basakni","tag-misir","tag-suriye","tag-suriye-krizi","tag-suriye-ordusu","tag-suriyeliler","tag-terorle-mucadele"],"_links":{"self":[{"href":"https:\/\/archive.sana.sy\/tr\/index.php?rest_route=\/wp\/v2\/posts\/127420","targetHints":{"allow":["GET"]}}],"collection":[{"href":"https:\/\/archive.sana.sy\/tr\/index.php?rest_route=\/wp\/v2\/posts"}],"about":[{"href":"https:\/\/archive.sana.sy\/tr\/index.php?rest_route=\/wp\/v2\/types\/post"}],"author":[{"embeddable":true,"href":"https:\/\/archive.sana.sy\/tr\/index.php?rest_route=\/wp\/v2\/users\/1"}],"replies":[{"embeddable":true,"href":"https:\/\/archive.sana.sy\/tr\/index.php?rest_route=%2Fwp%2Fv2%2Fcomments&post=127420"}],"version-history":[{"count":0,"href":"https:\/\/archive.sana.sy\/tr\/index.php?rest_route=\/wp\/v2\/posts\/127420\/revisions"}],"wp:featuredmedia":[{"embeddable":true,"href":"https:\/\/archive.sana.sy\/tr\/index.php?rest_route=\/wp\/v2\/media\/127421"}],"wp:attachment":[{"href":"https:\/\/archive.sana.sy\/tr\/index.php?rest_route=%2Fwp%2Fv2%2Fmedia&parent=127420"}],"wp:term":[{"taxonomy":"category","embeddable":true,"href":"https:\/\/archive.sana.sy\/tr\/index.php?rest_route=%2Fwp%2Fv2%2Fcategories&post=127420"},{"taxonomy":"post_tag","embeddable":true,"href":"https:\/\/archive.sana.sy\/tr\/index.php?rest_route=%2Fwp%2Fv2%2Ftags&post=127420"}],"curies":[{"name":"wp","href":"https:\/\/api.w.org\/{rel}","templated":true}]}}