{"id":127423,"date":"2017-10-24T15:17:23","date_gmt":"2017-10-24T12:17:23","guid":{"rendered":"http:\/\/www.sana.sy\/tr\/?p=127423"},"modified":"2017-10-25T14:06:03","modified_gmt":"2017-10-25T11:06:03","slug":"derada-cocuk-sanatlari-forumu-basladi","status":"publish","type":"post","link":"https:\/\/archive.sana.sy\/tr\/?p=127423","title":{"rendered":"Dera\u2019da \u00c7ocuk Sanatlar\u0131 Forumu Ba\u015flad\u0131"},"content":{"rendered":"<p>DERA \u2013 Dera il Baas \u00d6nc\u00fcleri \u015eubesinin organizasyonunda d\u00fczenlenen 4. Merkezi \u00c7ocuk Sanatlar\u0131 Forumunu il genelinden 1000\u2019den fazla \u00e7ocu\u011fun kat\u0131l\u0131m\u0131yla faaliyetlerine ba\u015flad\u0131.<\/p>\n<p><a href=\"http:\/\/www.sana.sy\/tr\/wp-content\/uploads\/2017\/10\/2-73.jpg\"><img loading=\"lazy\" decoding=\"async\" class=\"alignright wp-image-127425 size-medium\" src=\"http:\/\/www.sana.sy\/tr\/wp-content\/uploads\/2017\/10\/2-73-300x150.jpg\" alt=\"\" width=\"300\" height=\"150\" srcset=\"https:\/\/archive.sana.sy\/tr\/wp-content\/uploads\/2017\/10\/2-73-300x150.jpg 300w, https:\/\/archive.sana.sy\/tr\/wp-content\/uploads\/2017\/10\/2-73-150x75.jpg 150w, https:\/\/archive.sana.sy\/tr\/wp-content\/uploads\/2017\/10\/2-73.jpg 660w\" sizes=\"auto, (max-width: 300px) 100vw, 300px\" \/><\/a>Dera Kentinde iki g\u00fcn s\u00fcrecek faaliyetlerden sonra Ezra ve Sanamayn kentlerinde devam etmesi planlanan forum faaliyetlerinde \u00e7ocuklar resim, heykelt\u0131ra\u015f ve karton maket \u00e7al\u0131\u015fmalar\u0131nda yetenek geli\u015ftirme \u00e7al\u0131\u015fmalar\u0131nda bulunuyor.<\/p>\n<p>Forum faaliyetleri kapsam\u0131nda toplu \u015fekilde haz\u0131rlad\u0131klar\u0131 bir sanat eserini, ter\u00f6re kar\u015f\u0131 zafer \u00fcst\u00fcne zaferler kazanan ordu birliklerimize arma\u011fan ettiler.<\/p>\n<p>Forum e\u015fli\u011finde yurt genelinden Baas \u00d6nc\u00fclerinin d\u00fczenledikleri bir sanat sergisi a\u00e7\u0131ld\u0131. Ayn\u0131 zamanda d\u0131\u015f g\u00fc\u00e7lerin destek ve talimatlar\u0131yla faaliyet g\u00f6steren ter\u00f6ristlerin Suriyeli \u00e7ocuklara sald\u0131r\u0131lar\u0131 ve olumsuz etkilerine \u0131\u015f\u0131k tutan belgesel bir film g\u00f6sterisi yer ald\u0131.<\/p>\n","protected":false},"excerpt":{"rendered":"<p>DERA \u2013 Dera il Baas \u00d6nc\u00fcleri \u015eubesinin organizasyonunda d\u00fczenlenen 4. Merkezi \u00c7ocuk Sanatlar\u0131 Forumunu il genelinden 1000\u2019den fazla \u00e7ocu\u011fun kat\u0131l\u0131m\u0131yla faaliyetlerine ba\u015flad\u0131. Dera Kentinde iki g\u00fcn s\u00fcrecek faaliyetlerden sonra Ezra ve Sanamayn kentlerinde devam etmesi planlanan forum faaliyetlerinde \u00e7ocuklar resim, heykelt\u0131ra\u015f ve karton maket \u00e7al\u0131\u015fmalar\u0131nda yetenek geli\u015ftirme \u00e7al\u0131\u015fmalar\u0131nda bulunuyor. Forum faaliyetleri kapsam\u0131nda toplu \u015fekilde haz\u0131rlad\u0131klar\u0131 &hellip;<\/p>\n","protected":false},"author":1,"featured_media":127424,"comment_status":"closed","ping_status":"closed","sticky":false,"template":"","format":"standard","meta":{"footnotes":""},"categories":[479,516,511,17988,478],"tags":[26469,32919,1295,32920,16591,25414,22181],"class_list":["post-127423","post","type-post","status-publish","format-standard","has-post-thumbnail","","category-haberler-yerel","category-haberler-kultur-ve-sanat","category-kultur-ve-sanat","category-son-haberler","category-yerel","tag-baas-onculeri","tag-cocuk-sanatlari","tag-dera","tag-sanat-forumu","tag-suriye","tag-suriyeli-cocuklar","tag-suriyeliler"],"_links":{"self":[{"href":"https:\/\/archive.sana.sy\/tr\/index.php?rest_route=\/wp\/v2\/posts\/127423","targetHints":{"allow":["GET"]}}],"collection":[{"href":"https:\/\/archive.sana.sy\/tr\/index.php?rest_route=\/wp\/v2\/posts"}],"about":[{"href":"https:\/\/archive.sana.sy\/tr\/index.php?rest_route=\/wp\/v2\/types\/post"}],"author":[{"embeddable":true,"href":"https:\/\/archive.sana.sy\/tr\/index.php?rest_route=\/wp\/v2\/users\/1"}],"replies":[{"embeddable":true,"href":"https:\/\/archive.sana.sy\/tr\/index.php?rest_route=%2Fwp%2Fv2%2Fcomments&post=127423"}],"version-history":[{"count":0,"href":"https:\/\/archive.sana.sy\/tr\/index.php?rest_route=\/wp\/v2\/posts\/127423\/revisions"}],"wp:featuredmedia":[{"embeddable":true,"href":"https:\/\/archive.sana.sy\/tr\/index.php?rest_route=\/wp\/v2\/media\/127424"}],"wp:attachment":[{"href":"https:\/\/archive.sana.sy\/tr\/index.php?rest_route=%2Fwp%2Fv2%2Fmedia&parent=127423"}],"wp:term":[{"taxonomy":"category","embeddable":true,"href":"https:\/\/archive.sana.sy\/tr\/index.php?rest_route=%2Fwp%2Fv2%2Fcategories&post=127423"},{"taxonomy":"post_tag","embeddable":true,"href":"https:\/\/archive.sana.sy\/tr\/index.php?rest_route=%2Fwp%2Fv2%2Ftags&post=127423"}],"curies":[{"name":"wp","href":"https:\/\/api.w.org\/{rel}","templated":true}]}}