{"id":127442,"date":"2017-10-24T14:00:44","date_gmt":"2017-10-24T11:00:44","guid":{"rendered":"http:\/\/www.sana.sy\/tr\/?p=127442"},"modified":"2017-10-25T14:01:58","modified_gmt":"2017-10-25T11:01:58","slug":"abd-ve-isbirlikcileri-planlarinda-basarili-olamayacaklar","status":"publish","type":"post","link":"https:\/\/archive.sana.sy\/tr\/?p=127442","title":{"rendered":"ABD ve \u0130\u015fbirlik\u00e7ileri Planlar\u0131nda Ba\u015far\u0131l\u0131 Olamayacaklar"},"content":{"rendered":"<p>\u015eAM \u2013 D\u0131\u015fi\u015fleri ve Gurbet\u00e7iler Bakanl\u0131\u011f\u0131; uluslar aras\u0131 g\u00fcvenlik ve bar\u0131\u015f\u0131n sa\u011flanmas\u0131nda \u00fcst\u00fcne d\u00fc\u015fen sorumlulu\u011fu \u00fcstlenmekle birlikte ABD komutas\u0131nda uluslar aras\u0131 kanun ve kararlara ayk\u0131r\u0131 olarak te\u015fkil edilen koalisyonun Suriye ve masum sivillere kar\u015f\u0131 sald\u0131r\u0131lar\u0131na son vermesi i\u00e7in Birle\u015fmi\u015f Milletler ve G\u00fcvenlik Konseyini bir kez daha g\u00f6reve \u00e7a\u011f\u0131rd\u0131.<\/p>\n<p>Bakanl\u0131k bug\u00fcn BM genel sekreteri ve BMGK ba\u015fkan\u0131na g\u00f6nderdi\u011fi e\u015f iki resmi mektubunda; ABD koalisyonunun Suriye&#8217;nin egemenli\u011fine ve masum sivil vatanda\u015flara kar\u015f\u0131 sistematik olarak tekrarlanan sald\u0131r\u0131lar\u0131na \u0131\u015f\u0131k tuttu.<\/p>\n<p>Koalisyon u\u00e7aklar\u0131n\u0131n son olarak 23 Ekim tarihinde Deyrezzor Kentinin sivil yerle\u015fim alanlar\u0131ndan Kusur Semtini vah\u015fice f\u00fczelerle bombalad\u0131\u011f\u0131na dikkat \u00e7eken bakanl\u0131k; bu vah\u015fetiyle masum sivil vatanda\u015flara y\u00f6nelik insanl\u0131k su\u00e7u ve sava\u015f su\u00e7u niteli\u011fi ta\u015f\u0131yan katliamlar\u0131na bir yenisini daha ekledi\u011fini belirtti. Bakanl\u0131k koalisyonun bu kanl\u0131 katliam\u0131nda geneli \u00e7ocuk ve kad\u0131nlardan olmak \u00fczere 14 sivil vatanda\u015f\u0131n \u015fehit, 40\u2019tan fazla vatanda\u015f\u0131n da yaral\u0131 d\u00fc\u015ft\u00fcklerini kaydetti.<\/p>\n<p>Bu sald\u0131r\u0131lar\u0131n Suriye&#8217;de insani durumlar\u0131n k\u00f6t\u00fcye t\u0131rmanmas\u0131na yol a\u00e7t\u0131\u011f\u0131 katk\u0131ya dikkat \u00e7eken bakanl\u0131k; bu katliam\u0131n insan haklar\u0131 ve insani durumlar \u00e7\u0131\u011f\u0131rtkanlar\u0131 koalisyon devletlerinin ger\u00e7ek y\u00fcz\u00fcn\u00fc ortaya koydu\u011funa vurgu yapt\u0131.<\/p>\n<p>Bakanl\u0131k ABD koalisyonu taraf\u0131ndan f\u00fczelerle hedef al\u0131nan Kusur Semtinde ne I\u015e\u0130D ne de ba\u015fka hi\u00e7bir ter\u00f6r varl\u0131\u011f\u0131n\u0131n bulunmad\u0131\u011f\u0131na vurgu yaparken, bunun ABD ve koalisyonunun sistematik y\u0131k\u0131c\u0131 ve katliamc\u0131 hedefini bir kez daha ortaya koydu\u011funun alt\u0131n\u0131 \u00e7izdi.<\/p>\n<p>ABD ve koalisyon g\u00fc\u00e7leri ile I\u015e\u0130D aras\u0131ndaki ba\u011flant\u0131 ve koordinasyonun bir\u00e7ok kez g\u00f6r\u00fcnt\u00fclerle kan\u0131tland\u0131\u011f\u0131na dikkat \u00e7eken bakanl\u0131k; dolay\u0131s\u0131yla iddia edildi\u011fi gibi bu koalisyonun I\u015e\u0130D\u2019e kar\u015f\u0131 sava\u015fmad\u0131\u011f\u0131n\u0131, tek amac\u0131n\u0131n Suriye&#8217;de sava\u015f s\u00fcresinin uzamas\u0131 ve Suriye ordusunun I\u015e\u0130D\u2019e kar\u015f\u0131 sava\u015f\u0131n\u0131 engellemek oldu\u011funun besbelli ortada oldu\u011funun alt\u0131n\u0131 \u00e7izdi.<\/p>\n<p>Bakanl\u0131k resmi mektubunda ABD ve destekledi\u011fi silahl\u0131 gruplar\u0131n Rakka kentindeki I\u015e\u0130D\u2019li ter\u00f6ristleri Suriye ordusu ile \u00e7at\u0131\u015fmalara girmeleri amac\u0131yla onlar\u0131 s\u0131cak b\u00f6lgelere aktard\u0131klar\u0131na dikkat \u00e7ekti. Ayn\u0131 zamanda Rakka\u2019da i\u015fledi\u011fi sava\u015f su\u00e7lar\u0131n\u0131 \u00f6rtbas etme ama\u00e7l\u0131 olarak Rakka\u2019nin yeniden yap\u0131land\u0131r\u0131lmas\u0131 i\u00e7in finans ay\u0131rd\u0131\u011f\u0131n\u0131 ilan etti\u011fine i\u015faret etti. Bakanl\u0131k ABD ve koalisyonunun yan\u0131 s\u0131ra onlarla i\u015fbirli\u011fi yapan gruplar\u0131n plan ve niyetlerinde ba\u015far\u0131l\u0131 olamayacaklar\u0131n\u0131n alt\u0131n\u0131 \u00e7izdi.<\/p>\n<p>Bakanl\u0131k BM ve BMGK ar\u015fivlerinde resmi bir belge niteli\u011fi ta\u015f\u0131yan ve Suriye&#8217;nin bu belgeyi kullanma hakk\u0131n\u0131 sakl\u0131 tutan resmi mektubunda; BM ve BMGK\u2019yi tamamen gayr\u0131 me\u015fru olan bu koalisyona kar\u015f\u0131 etkin icraatlar almalar\u0131 i\u00e7in bir kez daha g\u00f6reve \u00e7a\u011f\u0131rd\u0131.<\/p>\n","protected":false},"excerpt":{"rendered":"<p>\u015eAM \u2013 D\u0131\u015fi\u015fleri ve Gurbet\u00e7iler Bakanl\u0131\u011f\u0131; uluslar aras\u0131 g\u00fcvenlik ve bar\u0131\u015f\u0131n sa\u011flanmas\u0131nda \u00fcst\u00fcne d\u00fc\u015fen sorumlulu\u011fu \u00fcstlenmekle birlikte ABD komutas\u0131nda uluslar aras\u0131 kanun ve kararlara ayk\u0131r\u0131 olarak te\u015fkil edilen koalisyonun Suriye ve masum sivillere kar\u015f\u0131 sald\u0131r\u0131lar\u0131na son vermesi i\u00e7in Birle\u015fmi\u015f Milletler ve G\u00fcvenlik Konseyini bir kez daha g\u00f6reve \u00e7a\u011f\u0131rd\u0131. Bakanl\u0131k bug\u00fcn BM genel sekreteri ve BMGK &hellip;<\/p>\n","protected":false},"author":1,"featured_media":89866,"comment_status":"closed","ping_status":"closed","sticky":false,"template":"","format":"standard","meta":{"footnotes":""},"categories":[479,17988,478],"tags":[1381,28524,19398,20897,2621,32932,16591,30625],"class_list":["post-127442","post","type-post","status-publish","format-standard","has-post-thumbnail","","category-haberler-yerel","category-son-haberler","category-yerel","tag-abd","tag-birlesmis-milletler","tag-bm-genel-sekreteri","tag-bmgk","tag-disisleri-ve-gurbetciler-bakanligi","tag-guvenlik-konseyini","tag-suriye","tag-uluslar-arasi"],"_links":{"self":[{"href":"https:\/\/archive.sana.sy\/tr\/index.php?rest_route=\/wp\/v2\/posts\/127442","targetHints":{"allow":["GET"]}}],"collection":[{"href":"https:\/\/archive.sana.sy\/tr\/index.php?rest_route=\/wp\/v2\/posts"}],"about":[{"href":"https:\/\/archive.sana.sy\/tr\/index.php?rest_route=\/wp\/v2\/types\/post"}],"author":[{"embeddable":true,"href":"https:\/\/archive.sana.sy\/tr\/index.php?rest_route=\/wp\/v2\/users\/1"}],"replies":[{"embeddable":true,"href":"https:\/\/archive.sana.sy\/tr\/index.php?rest_route=%2Fwp%2Fv2%2Fcomments&post=127442"}],"version-history":[{"count":0,"href":"https:\/\/archive.sana.sy\/tr\/index.php?rest_route=\/wp\/v2\/posts\/127442\/revisions"}],"wp:featuredmedia":[{"embeddable":true,"href":"https:\/\/archive.sana.sy\/tr\/index.php?rest_route=\/wp\/v2\/media\/89866"}],"wp:attachment":[{"href":"https:\/\/archive.sana.sy\/tr\/index.php?rest_route=%2Fwp%2Fv2%2Fmedia&parent=127442"}],"wp:term":[{"taxonomy":"category","embeddable":true,"href":"https:\/\/archive.sana.sy\/tr\/index.php?rest_route=%2Fwp%2Fv2%2Fcategories&post=127442"},{"taxonomy":"post_tag","embeddable":true,"href":"https:\/\/archive.sana.sy\/tr\/index.php?rest_route=%2Fwp%2Fv2%2Ftags&post=127442"}],"curies":[{"name":"wp","href":"https:\/\/api.w.org\/{rel}","templated":true}]}}