{"id":127498,"date":"2017-10-25T15:22:56","date_gmt":"2017-10-25T12:22:56","guid":{"rendered":"http:\/\/www.sana.sy\/tr\/?p=127498"},"modified":"2017-10-26T14:11:51","modified_gmt":"2017-10-26T11:11:51","slug":"teroristler-ihlallerini-surduruyor-4","status":"publish","type":"post","link":"https:\/\/archive.sana.sy\/tr\/?p=127498","title":{"rendered":"Ter\u00f6ristler \u0130hlallerini S\u00fcrd\u00fcr\u00fcyor"},"content":{"rendered":"<p>\u015eAM KIRSALI \u2013 Belli ba\u015fl\u0131 devletlerin Suriye ve halk\u0131na y\u00f6nelik d\u00fc\u015fmanc\u0131 planlar\u0131nda edat olarak kullan\u0131lan ter\u00f6ristlerin masum sivillere sald\u0131r\u0131lar\u0131 ve gerilimi azaltma anla\u015fmas\u0131na ihlalleri devam ediyor.<\/p>\n<p>\u015eam \u00c7evre Kent \u0130l Emniyet M\u00fcd\u00fcrl\u00fc\u011f\u00fcnde bir yetkili; Do\u011fu \u011euta B\u00f6lgesinde bulunan ter\u00f6ristlerin bug\u00fcn \u00f6\u011flen saatlerinde Haresta Banliy\u00f6s\u00fcne 7 havan roketiyle sald\u0131rd\u0131klar\u0131n\u0131 belirtti. Yetkili \u015fans eseri be\u015feri kay\u0131plar\u0131n olmad\u0131\u011f\u0131 gaddar sald\u0131r\u0131lar sonucunda vatanda\u015flar\u0131n evleri ve hizmet \u015febekelerinde ciddi maddi hasr\u0131n meydana geldi\u011fini kaydetti.<\/p>\n","protected":false},"excerpt":{"rendered":"<p>\u015eAM KIRSALI \u2013 Belli ba\u015fl\u0131 devletlerin Suriye ve halk\u0131na y\u00f6nelik d\u00fc\u015fmanc\u0131 planlar\u0131nda edat olarak kullan\u0131lan ter\u00f6ristlerin masum sivillere sald\u0131r\u0131lar\u0131 ve gerilimi azaltma anla\u015fmas\u0131na ihlalleri devam ediyor. \u015eam \u00c7evre Kent \u0130l Emniyet M\u00fcd\u00fcrl\u00fc\u011f\u00fcnde bir yetkili; Do\u011fu \u011euta B\u00f6lgesinde bulunan ter\u00f6ristlerin bug\u00fcn \u00f6\u011flen saatlerinde Haresta Banliy\u00f6s\u00fcne 7 havan roketiyle sald\u0131rd\u0131klar\u0131n\u0131 belirtti. Yetkili \u015fans eseri be\u015feri kay\u0131plar\u0131n olmad\u0131\u011f\u0131 &hellip;<\/p>\n","protected":false},"author":1,"featured_media":127501,"comment_status":"closed","ping_status":"closed","sticky":false,"template":"","format":"standard","meta":{"footnotes":""},"categories":[479,575,17988,478],"tags":[29342,17322,29304,29284,20848,24111,16591,19034,22181],"class_list":["post-127498","post","type-post","status-publish","format-standard","has-post-thumbnail","","category-haberler-yerel","category-olaylar-ve-gercekler","category-son-haberler","category-yerel","tag-catismasiz-bolgeler","tag-dogu-guta","tag-gerilimi-azaltma-anlasmasi","tag-havan-roketi","tag-sivilelre-saldiri","tag-sivilleri-bombaladi","tag-suriye","tag-suriyeli-muhalifler","tag-suriyeliler"],"_links":{"self":[{"href":"https:\/\/archive.sana.sy\/tr\/index.php?rest_route=\/wp\/v2\/posts\/127498","targetHints":{"allow":["GET"]}}],"collection":[{"href":"https:\/\/archive.sana.sy\/tr\/index.php?rest_route=\/wp\/v2\/posts"}],"about":[{"href":"https:\/\/archive.sana.sy\/tr\/index.php?rest_route=\/wp\/v2\/types\/post"}],"author":[{"embeddable":true,"href":"https:\/\/archive.sana.sy\/tr\/index.php?rest_route=\/wp\/v2\/users\/1"}],"replies":[{"embeddable":true,"href":"https:\/\/archive.sana.sy\/tr\/index.php?rest_route=%2Fwp%2Fv2%2Fcomments&post=127498"}],"version-history":[{"count":0,"href":"https:\/\/archive.sana.sy\/tr\/index.php?rest_route=\/wp\/v2\/posts\/127498\/revisions"}],"wp:featuredmedia":[{"embeddable":true,"href":"https:\/\/archive.sana.sy\/tr\/index.php?rest_route=\/wp\/v2\/media\/127501"}],"wp:attachment":[{"href":"https:\/\/archive.sana.sy\/tr\/index.php?rest_route=%2Fwp%2Fv2%2Fmedia&parent=127498"}],"wp:term":[{"taxonomy":"category","embeddable":true,"href":"https:\/\/archive.sana.sy\/tr\/index.php?rest_route=%2Fwp%2Fv2%2Fcategories&post=127498"},{"taxonomy":"post_tag","embeddable":true,"href":"https:\/\/archive.sana.sy\/tr\/index.php?rest_route=%2Fwp%2Fv2%2Ftags&post=127498"}],"curies":[{"name":"wp","href":"https:\/\/api.w.org\/{rel}","templated":true}]}}