{"id":127543,"date":"2017-10-26T13:52:13","date_gmt":"2017-10-26T10:52:13","guid":{"rendered":"http:\/\/www.sana.sy\/tr\/?p=127543"},"modified":"2017-10-27T16:27:41","modified_gmt":"2017-10-27T14:27:41","slug":"ordu-isidi-yok-edip-ilerlemeye-devam-ediyor-3","status":"publish","type":"post","link":"https:\/\/archive.sana.sy\/tr\/?p=127543","title":{"rendered":"Ordu I\u015e\u0130D\u2019i Yok Edip \u0130lerlemeye Devam Ediyor"},"content":{"rendered":"<p>DEYREZZOR \u2013 Vatan koruyucular\u0131 ordu birliklerimiz radikal ter\u00f6re kar\u015f\u0131 operasyonlar\u0131nda bir\u00e7ok eksenden \u00f6nemli ilerlemeler kaydederek kontrolleri alt\u0131ndaki alanlar\u0131 geni\u015fletiyor.<\/p>\n<p>Askeri bir kaynak ordu birliklerimizin Deyrezzor\u2019un do\u011fusunda yer alan Huveycet Sakir B\u00f6lgesinde radikal ter\u00f6r \u00f6rg\u00fct\u00fc I\u015e\u0130D ile \u015fiddetli \u00e7at\u0131\u015fmalara girdiklerini belirtti. \u00c7at\u0131\u015fmalarda radikal bir ter\u00f6r grubunun tamam\u0131n\u0131n ekipmanlar\u0131 ve ara\u00e7lar\u0131yla etkisiz hale getirildi\u011fini ifade eden kaynak; stratejik \u00f6neme sahip bir dizi mevkiin ordu kontrol\u00fcne ge\u00e7ti\u011fini aktard\u0131.<\/p>\n<p>Askeri kaynak F\u0131rat Nehrinin bat\u0131 yakas\u0131nda da ordu birliklerimizin bir\u00e7ok eksenden nitelikli operasyonlarla \u00f6nemli ilerlemeler kaydettiklerine dikkat \u00e7ekerken, ordu kontrol\u00fcne al\u0131nan Ha\u015f\u015fam Beldesi yak\u0131nlar\u0131nda aralar\u0131nda tehlikeli isimlerin bulundu\u011fu \u00e7ok say\u0131da ter\u00f6risti ekipmanlar\u0131yla birlikte yok ettiklerini kaydetti.<\/p>\n<p>Kaynak hava g\u00fc\u00e7lerimiz ve top\u00e7u birliklerimizin de Deyrezzor kentinin Hmeydiye, Urdi, Cbeyle, Kennamat ve Hassarat semtlerinde radikal ter\u00f6r \u00f6rg\u00fct\u00fcn karargah, siper ve ara\u00e7lar\u0131n\u0131 muhtevalar\u0131yla imha ettiklerini belirtti.<\/p>\n","protected":false},"excerpt":{"rendered":"<p>DEYREZZOR \u2013 Vatan koruyucular\u0131 ordu birliklerimiz radikal ter\u00f6re kar\u015f\u0131 operasyonlar\u0131nda bir\u00e7ok eksenden \u00f6nemli ilerlemeler kaydederek kontrolleri alt\u0131ndaki alanlar\u0131 geni\u015fletiyor. Askeri bir kaynak ordu birliklerimizin Deyrezzor\u2019un do\u011fusunda yer alan Huveycet Sakir B\u00f6lgesinde radikal ter\u00f6r \u00f6rg\u00fct\u00fc I\u015e\u0130D ile \u015fiddetli \u00e7at\u0131\u015fmalara girdiklerini belirtti. \u00c7at\u0131\u015fmalarda radikal bir ter\u00f6r grubunun tamam\u0131n\u0131n ekipmanlar\u0131 ve ara\u00e7lar\u0131yla etkisiz hale getirildi\u011fini ifade eden kaynak; &hellip;<\/p>\n","protected":false},"author":1,"featured_media":127547,"comment_status":"closed","ping_status":"closed","sticky":false,"template":"","format":"standard","meta":{"footnotes":""},"categories":[479,575,17988,478],"tags":[18237,18576,18577,2494,2318,24011,16591,11549,19034,22181,4076],"class_list":["post-127543","post","type-post","status-publish","format-standard","has-post-thumbnail","","category-haberler-yerel","category-olaylar-ve-gercekler","category-son-haberler","category-yerel","tag-cihatcilar","tag-daes","tag-deas","tag-deyrezzor","tag-isid","tag-iside-karsi-savas","tag-suriye","tag-suriye-ordusu","tag-suriyeli-muhalifler","tag-suriyeliler","tag-terorle-mucadele"],"_links":{"self":[{"href":"https:\/\/archive.sana.sy\/tr\/index.php?rest_route=\/wp\/v2\/posts\/127543","targetHints":{"allow":["GET"]}}],"collection":[{"href":"https:\/\/archive.sana.sy\/tr\/index.php?rest_route=\/wp\/v2\/posts"}],"about":[{"href":"https:\/\/archive.sana.sy\/tr\/index.php?rest_route=\/wp\/v2\/types\/post"}],"author":[{"embeddable":true,"href":"https:\/\/archive.sana.sy\/tr\/index.php?rest_route=\/wp\/v2\/users\/1"}],"replies":[{"embeddable":true,"href":"https:\/\/archive.sana.sy\/tr\/index.php?rest_route=%2Fwp%2Fv2%2Fcomments&post=127543"}],"version-history":[{"count":0,"href":"https:\/\/archive.sana.sy\/tr\/index.php?rest_route=\/wp\/v2\/posts\/127543\/revisions"}],"wp:featuredmedia":[{"embeddable":true,"href":"https:\/\/archive.sana.sy\/tr\/index.php?rest_route=\/wp\/v2\/media\/127547"}],"wp:attachment":[{"href":"https:\/\/archive.sana.sy\/tr\/index.php?rest_route=%2Fwp%2Fv2%2Fmedia&parent=127543"}],"wp:term":[{"taxonomy":"category","embeddable":true,"href":"https:\/\/archive.sana.sy\/tr\/index.php?rest_route=%2Fwp%2Fv2%2Fcategories&post=127543"},{"taxonomy":"post_tag","embeddable":true,"href":"https:\/\/archive.sana.sy\/tr\/index.php?rest_route=%2Fwp%2Fv2%2Ftags&post=127543"}],"curies":[{"name":"wp","href":"https:\/\/api.w.org\/{rel}","templated":true}]}}