{"id":127546,"date":"2017-10-26T14:08:13","date_gmt":"2017-10-26T11:08:13","guid":{"rendered":"http:\/\/www.sana.sy\/tr\/?p=127546"},"modified":"2017-10-27T13:16:08","modified_gmt":"2017-10-27T11:16:08","slug":"isid-saflarinda-korku-ve-firarlar-devam-ediyor","status":"publish","type":"post","link":"https:\/\/archive.sana.sy\/tr\/?p=127546","title":{"rendered":"I\u015e\u0130D Saflar\u0131nda Korku ve Firarlar Devam Ediyor"},"content":{"rendered":"<p>DEYREZZOR \u2013 Ordu birliklerimizin Deyrezzor\u2019da radikal ter\u00f6r \u00f6rg\u00fct\u00fc I\u015e\u0130D\u2019i yok edip ilerlemesi g\u00f6lgesinde \u00f6rg\u00fct saflar\u0131nda korku ve firarlar devam ediyor.<\/p>\n<p>Deyrezzor k\u0131rsal\u0131n\u0131n do\u011fusunda yerel kaynaklar; Suriye ordusunun ba\u015far\u0131yla ilerlemesi g\u00f6lgesinde I\u015e\u0130D saflar\u0131nda korku ve pani\u011fin t\u0131rmand\u0131\u011f\u0131na dikkat \u00e7ekerken, bunun sonucunda \u00f6rg\u00fct saflar\u0131ndan ka\u00e7ma ve gruplar aras\u0131nda \u00e7at\u0131\u015fmalar\u0131n artt\u0131\u011f\u0131n\u0131 aktard\u0131.<\/p>\n<p>Kaynaklar son olarak Deyrezzor Kentinin arta kalan semtlerinde bulunan I\u015e\u0130D\u2019li gruplar aras\u0131nda ya\u015fanan \u015fiddetli \u00e7at\u0131\u015fmalarda aralar\u0131nda 6 yabanc\u0131 bariz ter\u00f6ristin bulundu\u011fu 8 ter\u00f6ristin \u00f6l\u00fc, bir\u00e7ok ter\u00f6ristin de yaral\u0131 d\u00fc\u015ft\u00fcklerini belirtti.<\/p>\n<p>Deyrezzor \u0130linin g\u00fcneydo\u011fu u\u00e7lar\u0131nda bulunan Albukemal Kentinde de I\u015e\u0130D\u2019in ilerleyen Suriye ordusuna kar\u015f\u0131 koymak i\u00e7in kent giri\u015fleri ve \u00e7evresinde siperlerini peki\u015ftirdi\u011fine dikkat \u00e7eken yerel kaynaklar; ayn\u0131 zamanda y\u00fcksek say\u0131da may\u0131n ve bubi tuzaklar\u0131 yerle\u015ftirdi\u011fini de s\u00f6zlerine ekledi.<\/p>\n<p>Yerel kaynaklar son olarak \u00f6rg\u00fct saflar\u0131ndan ka\u00e7an \u00e7ok say\u0131da ter\u00f6ristin aras\u0131nda I\u015e\u0130D\u2019in tehlikeli eleba\u015flar\u0131ndan say\u0131lan Muhammed Ahmet el Seyid, Emir Ahmet el Seyid ve Ahmet Kemmari\u2019nin bulunduklar\u0131n\u0131 ifade etti. Kaynaklar \u00f6rg\u00fct\u00fcn ka\u00e7an \u00e7etelerine s\u0131n\u0131r koymak i\u00e7in g\u00fcvenlik icraatlar\u0131n\u0131 yo\u011funla\u015ft\u0131r\u0131p bir k\u0131s\u0131m yabanc\u0131lar\u0131 al\u0131koydu\u011funu kaydetti.<\/p>\n","protected":false},"excerpt":{"rendered":"<p>DEYREZZOR \u2013 Ordu birliklerimizin Deyrezzor\u2019da radikal ter\u00f6r \u00f6rg\u00fct\u00fc I\u015e\u0130D\u2019i yok edip ilerlemesi g\u00f6lgesinde \u00f6rg\u00fct saflar\u0131nda korku ve firarlar devam ediyor. Deyrezzor k\u0131rsal\u0131n\u0131n do\u011fusunda yerel kaynaklar; Suriye ordusunun ba\u015far\u0131yla ilerlemesi g\u00f6lgesinde I\u015e\u0130D saflar\u0131nda korku ve pani\u011fin t\u0131rmand\u0131\u011f\u0131na dikkat \u00e7ekerken, bunun sonucunda \u00f6rg\u00fct saflar\u0131ndan ka\u00e7ma ve gruplar aras\u0131nda \u00e7at\u0131\u015fmalar\u0131n artt\u0131\u011f\u0131n\u0131 aktard\u0131. Kaynaklar son olarak Deyrezzor Kentinin arta &hellip;<\/p>\n","protected":false},"author":1,"featured_media":127550,"comment_status":"closed","ping_status":"closed","sticky":false,"template":"","format":"standard","meta":{"footnotes":""},"categories":[479,575,17988,478],"tags":[18237,18577,2494,2318,32952,32950,32953,30004,32951],"class_list":["post-127546","post","type-post","status-publish","format-standard","has-post-thumbnail","","category-haberler-yerel","category-olaylar-ve-gercekler","category-son-haberler","category-yerel","tag-cihatcilar","tag-deas","tag-deyrezzor","tag-isid","tag-isid-arasinda-catismai","tag-orgut-saflarindan-kacislar","tag-orut-saflarinda-catisma","tag-suriye-suriyeliler","tag-yabanci-militanlar"],"_links":{"self":[{"href":"https:\/\/archive.sana.sy\/tr\/index.php?rest_route=\/wp\/v2\/posts\/127546","targetHints":{"allow":["GET"]}}],"collection":[{"href":"https:\/\/archive.sana.sy\/tr\/index.php?rest_route=\/wp\/v2\/posts"}],"about":[{"href":"https:\/\/archive.sana.sy\/tr\/index.php?rest_route=\/wp\/v2\/types\/post"}],"author":[{"embeddable":true,"href":"https:\/\/archive.sana.sy\/tr\/index.php?rest_route=\/wp\/v2\/users\/1"}],"replies":[{"embeddable":true,"href":"https:\/\/archive.sana.sy\/tr\/index.php?rest_route=%2Fwp%2Fv2%2Fcomments&post=127546"}],"version-history":[{"count":0,"href":"https:\/\/archive.sana.sy\/tr\/index.php?rest_route=\/wp\/v2\/posts\/127546\/revisions"}],"wp:featuredmedia":[{"embeddable":true,"href":"https:\/\/archive.sana.sy\/tr\/index.php?rest_route=\/wp\/v2\/media\/127550"}],"wp:attachment":[{"href":"https:\/\/archive.sana.sy\/tr\/index.php?rest_route=%2Fwp%2Fv2%2Fmedia&parent=127546"}],"wp:term":[{"taxonomy":"category","embeddable":true,"href":"https:\/\/archive.sana.sy\/tr\/index.php?rest_route=%2Fwp%2Fv2%2Fcategories&post=127546"},{"taxonomy":"post_tag","embeddable":true,"href":"https:\/\/archive.sana.sy\/tr\/index.php?rest_route=%2Fwp%2Fv2%2Ftags&post=127546"}],"curies":[{"name":"wp","href":"https:\/\/api.w.org\/{rel}","templated":true}]}}