{"id":127552,"date":"2017-10-26T15:08:45","date_gmt":"2017-10-26T12:08:45","guid":{"rendered":"http:\/\/www.sana.sy\/tr\/?p=127552"},"modified":"2017-10-27T15:12:57","modified_gmt":"2017-10-27T13:12:57","slug":"irak-ile-vize-muafiyet-mutabakat-zaptini-onayladi","status":"publish","type":"post","link":"https:\/\/archive.sana.sy\/tr\/?p=127552","title":{"rendered":"Irak ile Vize Muafiyet Mutabakat Zapt\u0131n\u0131 Onaylad\u0131"},"content":{"rendered":"<p>\u015eAM \u2013 Cumhurba\u015fkan\u0131 Be\u015f\u015far el Esad bug\u00fcn Suriye ve Irak d\u0131\u015fi\u015fleri bakanl\u0131klar\u0131 aras\u0131nda imzalanan ve kar\u015f\u0131l\u0131kl\u0131 olarak vize muafiyetini \u00f6ng\u00f6ren mutabakat zapt\u0131na ili\u015fkin 2017\/30 say\u0131l\u0131 kanunnameyi onaylad\u0131.<\/p>\n<p>\u0130ki \u00fclke d\u0131\u015fi\u015fleri bakanl\u0131klar\u0131 aras\u0131nda ge\u00e7en A\u011fustos ay\u0131n\u0131n 3\u2019\u00fcnde \u015eam\u2019da imzalanan mutabakat zapt\u0131 Halk Meclisinin 24 Ekim tarihli oturumunda tart\u0131\u015f\u0131l\u0131p onaylanmas\u0131 ard\u0131ndan anaya gere\u011fince Cumhurba\u015fkanl\u0131\u011f\u0131na sevk edilmi\u015fti.<\/p>\n","protected":false},"excerpt":{"rendered":"<p>\u015eAM \u2013 Cumhurba\u015fkan\u0131 Be\u015f\u015far el Esad bug\u00fcn Suriye ve Irak d\u0131\u015fi\u015fleri bakanl\u0131klar\u0131 aras\u0131nda imzalanan ve kar\u015f\u0131l\u0131kl\u0131 olarak vize muafiyetini \u00f6ng\u00f6ren mutabakat zapt\u0131na ili\u015fkin 2017\/30 say\u0131l\u0131 kanunnameyi onaylad\u0131. \u0130ki \u00fclke d\u0131\u015fi\u015fleri bakanl\u0131klar\u0131 aras\u0131nda ge\u00e7en A\u011fustos ay\u0131n\u0131n 3\u2019\u00fcnde \u015eam\u2019da imzalanan mutabakat zapt\u0131 Halk Meclisinin 24 Ekim tarihli oturumunda tart\u0131\u015f\u0131l\u0131p onaylanmas\u0131 ard\u0131ndan anaya gere\u011fince Cumhurba\u015fkanl\u0131\u011f\u0131na sevk edilmi\u015fti.<\/p>\n","protected":false},"author":1,"featured_media":56583,"comment_status":"closed","ping_status":"closed","sticky":false,"template":"","format":"standard","meta":{"footnotes":""},"categories":[479,605,17988,612,599,478],"tags":[32954,32957,16402,32956,1978,32955,16591],"class_list":["post-127552","post","type-post","status-publish","format-standard","has-post-thumbnail","","category-haberler-yerel","category-sayin-cumhurbaskani","category-son-haberler","category-yasama-kararnameler","category-yasama-ve-kanunlar","category-yerel","tag-201730-sayili-kanunname","tag-24-ekim-tarihli-oturumunda","tag-cumhurbaskani-bessar-el-esad","tag-halk-meclisini","tag-irak","tag-onayladi","tag-suriye"],"_links":{"self":[{"href":"https:\/\/archive.sana.sy\/tr\/index.php?rest_route=\/wp\/v2\/posts\/127552","targetHints":{"allow":["GET"]}}],"collection":[{"href":"https:\/\/archive.sana.sy\/tr\/index.php?rest_route=\/wp\/v2\/posts"}],"about":[{"href":"https:\/\/archive.sana.sy\/tr\/index.php?rest_route=\/wp\/v2\/types\/post"}],"author":[{"embeddable":true,"href":"https:\/\/archive.sana.sy\/tr\/index.php?rest_route=\/wp\/v2\/users\/1"}],"replies":[{"embeddable":true,"href":"https:\/\/archive.sana.sy\/tr\/index.php?rest_route=%2Fwp%2Fv2%2Fcomments&post=127552"}],"version-history":[{"count":0,"href":"https:\/\/archive.sana.sy\/tr\/index.php?rest_route=\/wp\/v2\/posts\/127552\/revisions"}],"wp:featuredmedia":[{"embeddable":true,"href":"https:\/\/archive.sana.sy\/tr\/index.php?rest_route=\/wp\/v2\/media\/56583"}],"wp:attachment":[{"href":"https:\/\/archive.sana.sy\/tr\/index.php?rest_route=%2Fwp%2Fv2%2Fmedia&parent=127552"}],"wp:term":[{"taxonomy":"category","embeddable":true,"href":"https:\/\/archive.sana.sy\/tr\/index.php?rest_route=%2Fwp%2Fv2%2Fcategories&post=127552"},{"taxonomy":"post_tag","embeddable":true,"href":"https:\/\/archive.sana.sy\/tr\/index.php?rest_route=%2Fwp%2Fv2%2Ftags&post=127552"}],"curies":[{"name":"wp","href":"https:\/\/api.w.org\/{rel}","templated":true}]}}