{"id":127563,"date":"2017-10-26T15:18:56","date_gmt":"2017-10-26T12:18:56","guid":{"rendered":"http:\/\/www.sana.sy\/tr\/?p=127563"},"modified":"2017-10-26T15:18:56","modified_gmt":"2017-10-26T12:18:56","slug":"gitarist-tarik-salihiye-esad-kultur-sanat-merkezinde-dinleti-sundu","status":"publish","type":"post","link":"https:\/\/archive.sana.sy\/tr\/?p=127563","title":{"rendered":"Gitarist Tar\u0131k Sal\u0131hiye Esad K\u00fclt\u00fcr Sanat Merkezinde dinleti sundu"},"content":{"rendered":"<p>Gitarist Tar\u0131k Sal\u0131hiye Esad K\u00fclt\u00fcr Sanat Merkezinde dinleti sundu<\/p>\n<p>https:\/\/www.youtube.com\/watch?v=PU3BF9yqqEA<\/p>\n","protected":false},"excerpt":{"rendered":"<p>Gitarist Tar\u0131k Sal\u0131hiye Esad K\u00fclt\u00fcr Sanat Merkezinde dinleti sundu https:\/\/www.youtube.com\/watch?v=PU3BF9yqqEA<\/p>\n","protected":false},"author":1,"featured_media":127577,"comment_status":"closed","ping_status":"closed","sticky":false,"template":"","format":"standard","meta":{"footnotes":""},"categories":[18295],"tags":[],"class_list":["post-127563","post","type-post","status-publish","format-standard","has-post-thumbnail","","category-sana-video"],"_links":{"self":[{"href":"https:\/\/archive.sana.sy\/tr\/index.php?rest_route=\/wp\/v2\/posts\/127563","targetHints":{"allow":["GET"]}}],"collection":[{"href":"https:\/\/archive.sana.sy\/tr\/index.php?rest_route=\/wp\/v2\/posts"}],"about":[{"href":"https:\/\/archive.sana.sy\/tr\/index.php?rest_route=\/wp\/v2\/types\/post"}],"author":[{"embeddable":true,"href":"https:\/\/archive.sana.sy\/tr\/index.php?rest_route=\/wp\/v2\/users\/1"}],"replies":[{"embeddable":true,"href":"https:\/\/archive.sana.sy\/tr\/index.php?rest_route=%2Fwp%2Fv2%2Fcomments&post=127563"}],"version-history":[{"count":0,"href":"https:\/\/archive.sana.sy\/tr\/index.php?rest_route=\/wp\/v2\/posts\/127563\/revisions"}],"wp:featuredmedia":[{"embeddable":true,"href":"https:\/\/archive.sana.sy\/tr\/index.php?rest_route=\/wp\/v2\/media\/127577"}],"wp:attachment":[{"href":"https:\/\/archive.sana.sy\/tr\/index.php?rest_route=%2Fwp%2Fv2%2Fmedia&parent=127563"}],"wp:term":[{"taxonomy":"category","embeddable":true,"href":"https:\/\/archive.sana.sy\/tr\/index.php?rest_route=%2Fwp%2Fv2%2Fcategories&post=127563"},{"taxonomy":"post_tag","embeddable":true,"href":"https:\/\/archive.sana.sy\/tr\/index.php?rest_route=%2Fwp%2Fv2%2Ftags&post=127563"}],"curies":[{"name":"wp","href":"https:\/\/api.w.org\/{rel}","templated":true}]}}