{"id":127612,"date":"2017-10-26T16:04:48","date_gmt":"2017-10-26T13:04:48","guid":{"rendered":"http:\/\/www.sana.sy\/tr\/?p=127612"},"modified":"2017-10-27T15:13:05","modified_gmt":"2017-10-27T13:13:05","slug":"kayip-yada-yipranmis-emlak-belgesine-iliskin-kanunname-onaylandi","status":"publish","type":"post","link":"https:\/\/archive.sana.sy\/tr\/?p=127612","title":{"rendered":"Kay\u0131p yada Y\u0131pranm\u0131\u015f Emlak Belgesine \u0130li\u015fkin Kanunname Onayland\u0131"},"content":{"rendered":"<p>\u015eAM \u2013 Cumhurba\u015fkan\u0131 Be\u015f\u015far el Esad kay\u0131p yada c\u00fczi veya tam olarak y\u0131pranm\u0131\u015f emlak belgelerinin yeniden haz\u0131rlanmas\u0131na ili\u015fkin d\u00fczenlemeleri \u00f6ng\u00f6ren kanunnameyi onaylad\u0131.<\/p>\n<p>Halk Meclisinin 23 Ekim tarihli oturumunda milletvekillerinin g\u00f6r\u00fc\u015f ve onay\u0131na sundu\u011fu kanunname tasar\u0131s\u0131, anayasa gere\u011fince onaylan\u0131p kanunname niteli\u011fi almas\u0131 i\u00e7in cumhurba\u015fkanl\u0131\u011f\u0131na sevk edilmi\u015fti.<\/p>\n","protected":false},"excerpt":{"rendered":"<p>\u015eAM \u2013 Cumhurba\u015fkan\u0131 Be\u015f\u015far el Esad kay\u0131p yada c\u00fczi veya tam olarak y\u0131pranm\u0131\u015f emlak belgelerinin yeniden haz\u0131rlanmas\u0131na ili\u015fkin d\u00fczenlemeleri \u00f6ng\u00f6ren kanunnameyi onaylad\u0131. Halk Meclisinin 23 Ekim tarihli oturumunda milletvekillerinin g\u00f6r\u00fc\u015f ve onay\u0131na sundu\u011fu kanunname tasar\u0131s\u0131, anayasa gere\u011fince onaylan\u0131p kanunname niteli\u011fi almas\u0131 i\u00e7in cumhurba\u015fkanl\u0131\u011f\u0131na sevk edilmi\u015fti.<\/p>\n","protected":false},"author":1,"featured_media":127613,"comment_status":"closed","ping_status":"closed","sticky":false,"template":"","format":"standard","meta":{"footnotes":""},"categories":[479,605,17988,612,599,478],"tags":[32960,16402,32958,16838,25612,32959],"class_list":["post-127612","post","type-post","status-publish","format-standard","has-post-thumbnail","","category-haberler-yerel","category-sayin-cumhurbaskani","category-son-haberler","category-yasama-kararnameler","category-yasama-ve-kanunlar","category-yerel","tag-23-ekim-tarihli-oturumunda","tag-cumhurbaskani-bessar-el-esad","tag-cuzi","tag-halk-meclisi","tag-milletvekilleri","tag-tam"],"_links":{"self":[{"href":"https:\/\/archive.sana.sy\/tr\/index.php?rest_route=\/wp\/v2\/posts\/127612","targetHints":{"allow":["GET"]}}],"collection":[{"href":"https:\/\/archive.sana.sy\/tr\/index.php?rest_route=\/wp\/v2\/posts"}],"about":[{"href":"https:\/\/archive.sana.sy\/tr\/index.php?rest_route=\/wp\/v2\/types\/post"}],"author":[{"embeddable":true,"href":"https:\/\/archive.sana.sy\/tr\/index.php?rest_route=\/wp\/v2\/users\/1"}],"replies":[{"embeddable":true,"href":"https:\/\/archive.sana.sy\/tr\/index.php?rest_route=%2Fwp%2Fv2%2Fcomments&post=127612"}],"version-history":[{"count":0,"href":"https:\/\/archive.sana.sy\/tr\/index.php?rest_route=\/wp\/v2\/posts\/127612\/revisions"}],"wp:featuredmedia":[{"embeddable":true,"href":"https:\/\/archive.sana.sy\/tr\/index.php?rest_route=\/wp\/v2\/media\/127613"}],"wp:attachment":[{"href":"https:\/\/archive.sana.sy\/tr\/index.php?rest_route=%2Fwp%2Fv2%2Fmedia&parent=127612"}],"wp:term":[{"taxonomy":"category","embeddable":true,"href":"https:\/\/archive.sana.sy\/tr\/index.php?rest_route=%2Fwp%2Fv2%2Fcategories&post=127612"},{"taxonomy":"post_tag","embeddable":true,"href":"https:\/\/archive.sana.sy\/tr\/index.php?rest_route=%2Fwp%2Fv2%2Ftags&post=127612"}],"curies":[{"name":"wp","href":"https:\/\/api.w.org\/{rel}","templated":true}]}}