{"id":128102,"date":"2017-11-02T14:05:17","date_gmt":"2017-11-02T12:05:17","guid":{"rendered":"http:\/\/www.sana.sy\/tr\/?p=128102"},"modified":"2017-11-03T13:29:42","modified_gmt":"2017-11-03T11:29:42","slug":"dera-kentinde-cevre-bilinclendirme-yuruyusu-duzenlendi","status":"publish","type":"post","link":"https:\/\/archive.sana.sy\/tr\/?p=128102","title":{"rendered":"Dera Kentinde \u00c7evre Bilin\u00e7lendirme Y\u00fcr\u00fcy\u00fc\u015f\u00fc D\u00fczenlendi"},"content":{"rendered":"<p>DERA \u2013 Dera \u0130l \u00c7evre M\u00fcd\u00fcrl\u00fc\u011f\u00fc Ulusal \u00c7evre G\u00fcn\u00fc m\u00fcnasebetiyle bug\u00fcn Dera Kentinde Panorama Meydan\u0131ndan Baas Partisi \u0130l Merkezine kadar bir y\u00fcr\u00fcy\u00fc\u015f d\u00fczenledi.<\/p>\n<p>Resmi, siyasi ve sosyal faaliyetlerin kat\u0131ld\u0131klar\u0131 y\u00fcr\u00fcy\u00fc\u015fte \u00e7evre bilincinin \u00f6nemine dikkat \u00e7ekilirken, Dera Valisi Muhammed Halit Hanus \u00e7evrenin korunmas\u0131nda toplumsal bilincin \u00f6nemine vurgu yapt\u0131.<\/p>\n<div id='gallery-1' class='gallery galleryid-128102 gallery-columns-4 gallery-size-thumbnail'><figure class='gallery-item'>\n\t\t\t<div class='gallery-icon landscape'>\n\t\t\t\t<a href='https:\/\/archive.sana.sy\/tr\/wp-content\/uploads\/2017\/11\/1-1-1.jpg'><img loading=\"lazy\" decoding=\"async\" width=\"150\" height=\"92\" src=\"https:\/\/archive.sana.sy\/tr\/wp-content\/uploads\/2017\/11\/1-1-1-150x92.jpg\" class=\"attachment-thumbnail size-thumbnail\" alt=\"\" srcset=\"https:\/\/archive.sana.sy\/tr\/wp-content\/uploads\/2017\/11\/1-1-1-150x92.jpg 150w, https:\/\/archive.sana.sy\/tr\/wp-content\/uploads\/2017\/11\/1-1-1-300x185.jpg 300w, https:\/\/archive.sana.sy\/tr\/wp-content\/uploads\/2017\/11\/1-1-1-768x473.jpg 768w, https:\/\/archive.sana.sy\/tr\/wp-content\/uploads\/2017\/11\/1-1-1-1024x630.jpg 1024w, https:\/\/archive.sana.sy\/tr\/wp-content\/uploads\/2017\/11\/1-1-1.jpg 1149w\" sizes=\"auto, (max-width: 150px) 100vw, 150px\" \/><\/a>\n\t\t\t<\/div><\/figure><figure class='gallery-item'>\n\t\t\t<div class='gallery-icon landscape'>\n\t\t\t\t<a href='https:\/\/archive.sana.sy\/tr\/wp-content\/uploads\/2017\/11\/1-3-1.jpg'><img loading=\"lazy\" decoding=\"async\" width=\"150\" height=\"97\" src=\"https:\/\/archive.sana.sy\/tr\/wp-content\/uploads\/2017\/11\/1-3-1-150x97.jpg\" class=\"attachment-thumbnail size-thumbnail\" alt=\"\" srcset=\"https:\/\/archive.sana.sy\/tr\/wp-content\/uploads\/2017\/11\/1-3-1-150x97.jpg 150w, https:\/\/archive.sana.sy\/tr\/wp-content\/uploads\/2017\/11\/1-3-1-300x194.jpg 300w, https:\/\/archive.sana.sy\/tr\/wp-content\/uploads\/2017\/11\/1-3-1-768x497.jpg 768w, https:\/\/archive.sana.sy\/tr\/wp-content\/uploads\/2017\/11\/1-3-1-1024x663.jpg 1024w, https:\/\/archive.sana.sy\/tr\/wp-content\/uploads\/2017\/11\/1-3-1.jpg 1052w\" sizes=\"auto, (max-width: 150px) 100vw, 150px\" \/><\/a>\n\t\t\t<\/div><\/figure><figure class='gallery-item'>\n\t\t\t<div class='gallery-icon landscape'>\n\t\t\t\t<a href='https:\/\/archive.sana.sy\/tr\/wp-content\/uploads\/2017\/11\/1-5-1.jpg'><img loading=\"lazy\" decoding=\"async\" width=\"150\" height=\"84\" src=\"https:\/\/archive.sana.sy\/tr\/wp-content\/uploads\/2017\/11\/1-5-1-150x84.jpg\" class=\"attachment-thumbnail size-thumbnail\" alt=\"\" srcset=\"https:\/\/archive.sana.sy\/tr\/wp-content\/uploads\/2017\/11\/1-5-1-150x84.jpg 150w, https:\/\/archive.sana.sy\/tr\/wp-content\/uploads\/2017\/11\/1-5-1-300x169.jpg 300w, https:\/\/archive.sana.sy\/tr\/wp-content\/uploads\/2017\/11\/1-5-1-768x433.jpg 768w, https:\/\/archive.sana.sy\/tr\/wp-content\/uploads\/2017\/11\/1-5-1-1024x577.jpg 1024w, https:\/\/archive.sana.sy\/tr\/wp-content\/uploads\/2017\/11\/1-5-1.jpg 1243w\" sizes=\"auto, (max-width: 150px) 100vw, 150px\" \/><\/a>\n\t\t\t<\/div><\/figure><figure class='gallery-item'>\n\t\t\t<div class='gallery-icon landscape'>\n\t\t\t\t<a href='https:\/\/archive.sana.sy\/tr\/wp-content\/uploads\/2017\/11\/1-9-1.jpg'><img loading=\"lazy\" decoding=\"async\" width=\"150\" height=\"94\" src=\"https:\/\/archive.sana.sy\/tr\/wp-content\/uploads\/2017\/11\/1-9-1-150x94.jpg\" class=\"attachment-thumbnail size-thumbnail\" alt=\"\" srcset=\"https:\/\/archive.sana.sy\/tr\/wp-content\/uploads\/2017\/11\/1-9-1-150x94.jpg 150w, https:\/\/archive.sana.sy\/tr\/wp-content\/uploads\/2017\/11\/1-9-1-300x188.jpg 300w, https:\/\/archive.sana.sy\/tr\/wp-content\/uploads\/2017\/11\/1-9-1-768x481.jpg 768w, https:\/\/archive.sana.sy\/tr\/wp-content\/uploads\/2017\/11\/1-9-1.jpg 965w\" sizes=\"auto, (max-width: 150px) 100vw, 150px\" \/><\/a>\n\t\t\t<\/div><\/figure><figure class='gallery-item'>\n\t\t\t<div class='gallery-icon landscape'>\n\t\t\t\t<a href='https:\/\/archive.sana.sy\/tr\/wp-content\/uploads\/2017\/11\/1-15.jpg'><img loading=\"lazy\" decoding=\"async\" width=\"150\" height=\"95\" src=\"https:\/\/archive.sana.sy\/tr\/wp-content\/uploads\/2017\/11\/1-15-150x95.jpg\" class=\"attachment-thumbnail size-thumbnail\" alt=\"\" srcset=\"https:\/\/archive.sana.sy\/tr\/wp-content\/uploads\/2017\/11\/1-15-150x95.jpg 150w, https:\/\/archive.sana.sy\/tr\/wp-content\/uploads\/2017\/11\/1-15-300x190.jpg 300w, https:\/\/archive.sana.sy\/tr\/wp-content\/uploads\/2017\/11\/1-15-768x488.jpg 768w, https:\/\/archive.sana.sy\/tr\/wp-content\/uploads\/2017\/11\/1-15.jpg 857w\" sizes=\"auto, (max-width: 150px) 100vw, 150px\" \/><\/a>\n\t\t\t<\/div><\/figure><figure class='gallery-item'>\n\t\t\t<div class='gallery-icon landscape'>\n\t\t\t\t<a href='https:\/\/archive.sana.sy\/tr\/wp-content\/uploads\/2017\/11\/1-16.jpg'><img loading=\"lazy\" decoding=\"async\" width=\"150\" height=\"94\" src=\"https:\/\/archive.sana.sy\/tr\/wp-content\/uploads\/2017\/11\/1-16-150x94.jpg\" class=\"attachment-thumbnail size-thumbnail\" alt=\"\" srcset=\"https:\/\/archive.sana.sy\/tr\/wp-content\/uploads\/2017\/11\/1-16-150x94.jpg 150w, https:\/\/archive.sana.sy\/tr\/wp-content\/uploads\/2017\/11\/1-16-300x188.jpg 300w, https:\/\/archive.sana.sy\/tr\/wp-content\/uploads\/2017\/11\/1-16-768x481.jpg 768w, https:\/\/archive.sana.sy\/tr\/wp-content\/uploads\/2017\/11\/1-16.jpg 1003w\" sizes=\"auto, (max-width: 150px) 100vw, 150px\" \/><\/a>\n\t\t\t<\/div><\/figure><figure class='gallery-item'>\n\t\t\t<div class='gallery-icon landscape'>\n\t\t\t\t<a href='https:\/\/archive.sana.sy\/tr\/wp-content\/uploads\/2017\/11\/1-18.jpg'><img loading=\"lazy\" decoding=\"async\" width=\"150\" height=\"87\" src=\"https:\/\/archive.sana.sy\/tr\/wp-content\/uploads\/2017\/11\/1-18-150x87.jpg\" class=\"attachment-thumbnail size-thumbnail\" alt=\"\" srcset=\"https:\/\/archive.sana.sy\/tr\/wp-content\/uploads\/2017\/11\/1-18-150x87.jpg 150w, https:\/\/archive.sana.sy\/tr\/wp-content\/uploads\/2017\/11\/1-18-300x173.jpg 300w, https:\/\/archive.sana.sy\/tr\/wp-content\/uploads\/2017\/11\/1-18-768x444.jpg 768w, https:\/\/archive.sana.sy\/tr\/wp-content\/uploads\/2017\/11\/1-18-1024x592.jpg 1024w, https:\/\/archive.sana.sy\/tr\/wp-content\/uploads\/2017\/11\/1-18.jpg 1217w\" sizes=\"auto, (max-width: 150px) 100vw, 150px\" \/><\/a>\n\t\t\t<\/div><\/figure><figure class='gallery-item'>\n\t\t\t<div class='gallery-icon landscape'>\n\t\t\t\t<a href='https:\/\/archive.sana.sy\/tr\/wp-content\/uploads\/2017\/11\/1-22.jpg'><img loading=\"lazy\" decoding=\"async\" width=\"150\" height=\"89\" src=\"https:\/\/archive.sana.sy\/tr\/wp-content\/uploads\/2017\/11\/1-22-150x89.jpg\" class=\"attachment-thumbnail size-thumbnail\" alt=\"\" srcset=\"https:\/\/archive.sana.sy\/tr\/wp-content\/uploads\/2017\/11\/1-22-150x89.jpg 150w, https:\/\/archive.sana.sy\/tr\/wp-content\/uploads\/2017\/11\/1-22-300x178.jpg 300w, https:\/\/archive.sana.sy\/tr\/wp-content\/uploads\/2017\/11\/1-22-768x457.jpg 768w, https:\/\/archive.sana.sy\/tr\/wp-content\/uploads\/2017\/11\/1-22-1024x609.jpg 1024w, https:\/\/archive.sana.sy\/tr\/wp-content\/uploads\/2017\/11\/1-22.jpg 1137w\" sizes=\"auto, (max-width: 150px) 100vw, 150px\" \/><\/a>\n\t\t\t<\/div><\/figure>\n\t\t<\/div>\n\n","protected":false},"excerpt":{"rendered":"<p>DERA \u2013 Dera \u0130l \u00c7evre M\u00fcd\u00fcrl\u00fc\u011f\u00fc Ulusal \u00c7evre G\u00fcn\u00fc m\u00fcnasebetiyle bug\u00fcn Dera Kentinde Panorama Meydan\u0131ndan Baas Partisi \u0130l Merkezine kadar bir y\u00fcr\u00fcy\u00fc\u015f d\u00fczenledi. Resmi, siyasi ve sosyal faaliyetlerin kat\u0131ld\u0131klar\u0131 y\u00fcr\u00fcy\u00fc\u015fte \u00e7evre bilincinin \u00f6nemine dikkat \u00e7ekilirken, Dera Valisi Muhammed Halit Hanus \u00e7evrenin korunmas\u0131nda toplumsal bilincin \u00f6nemine vurgu yapt\u0131.<\/p>\n","protected":false},"author":1,"featured_media":128114,"comment_status":"closed","ping_status":"closed","sticky":false,"template":"","format":"standard","meta":{"footnotes":""},"categories":[596,526,541,479,17988,525,538,478],"tags":[33075,25045,1295,19396,16591,22181,33076],"class_list":["post-128102","post","type-post","status-publish","format-standard","has-post-thumbnail","","category-fotografli-raporlar","category-haber-ve-raporlar","category-haberler","category-haberler-yerel","category-son-haberler","category-toplum","category-yasam","category-yerel","tag-cevre-bilinci","tag-cevre-gunu","tag-dera","tag-sosyal-faaliyetler","tag-suriye","tag-suriyeliler","tag-yuruyus"],"_links":{"self":[{"href":"https:\/\/archive.sana.sy\/tr\/index.php?rest_route=\/wp\/v2\/posts\/128102","targetHints":{"allow":["GET"]}}],"collection":[{"href":"https:\/\/archive.sana.sy\/tr\/index.php?rest_route=\/wp\/v2\/posts"}],"about":[{"href":"https:\/\/archive.sana.sy\/tr\/index.php?rest_route=\/wp\/v2\/types\/post"}],"author":[{"embeddable":true,"href":"https:\/\/archive.sana.sy\/tr\/index.php?rest_route=\/wp\/v2\/users\/1"}],"replies":[{"embeddable":true,"href":"https:\/\/archive.sana.sy\/tr\/index.php?rest_route=%2Fwp%2Fv2%2Fcomments&post=128102"}],"version-history":[{"count":0,"href":"https:\/\/archive.sana.sy\/tr\/index.php?rest_route=\/wp\/v2\/posts\/128102\/revisions"}],"wp:featuredmedia":[{"embeddable":true,"href":"https:\/\/archive.sana.sy\/tr\/index.php?rest_route=\/wp\/v2\/media\/128114"}],"wp:attachment":[{"href":"https:\/\/archive.sana.sy\/tr\/index.php?rest_route=%2Fwp%2Fv2%2Fmedia&parent=128102"}],"wp:term":[{"taxonomy":"category","embeddable":true,"href":"https:\/\/archive.sana.sy\/tr\/index.php?rest_route=%2Fwp%2Fv2%2Fcategories&post=128102"},{"taxonomy":"post_tag","embeddable":true,"href":"https:\/\/archive.sana.sy\/tr\/index.php?rest_route=%2Fwp%2Fv2%2Ftags&post=128102"}],"curies":[{"name":"wp","href":"https:\/\/api.w.org\/{rel}","templated":true}]}}