{"id":128126,"date":"2017-11-02T15:09:05","date_gmt":"2017-11-02T13:09:05","guid":{"rendered":"http:\/\/www.sana.sy\/tr\/?p=128126"},"modified":"2017-11-03T13:29:37","modified_gmt":"2017-11-03T11:29:37","slug":"basarilar-uluslararasi-spor-camiasinin-ilgi-ve-dikkat-odagi-oldu","status":"publish","type":"post","link":"https:\/\/archive.sana.sy\/tr\/?p=128126","title":{"rendered":"Ba\u015far\u0131lar Uluslararas\u0131 Spor Camias\u0131n\u0131n \u0130lgi ve Dikkat Oda\u011f\u0131 Oldu"},"content":{"rendered":"<p>PRAG \u2013 Uluslararas\u0131 Olimpik Komite ve D\u00fcnya Olimpiyat Komiteleri Federasyonu Suriye Olimpiyat Komitesinin etkinle\u015ftirilmesi ve bulundu\u011fu spor faaliyetlerine takdirin bir ifadesi olarak bug\u00fcn \u00c7ek Cumhuriyetinin ba\u015fkenti Prag\u2019da Suriyeli uluslar aras\u0131 y\u00fcz\u00fcc\u00fc Firas Mualla\u2019y\u0131 onurland\u0131rd\u0131lar.<\/p>\n<p>Mualla ayr\u0131ca ge\u00e7en A\u011fustos ay\u0131n\u0131n 11\u2019inde Macaristan\u2019da d\u00fczenlenen D\u00fcnya Y\u00fczme \u015eampiyonas\u0131nda masters grubunda bronz madalya kazanmas\u0131 m\u00fcnasebetiyle de \u00f6d\u00fcllendirildi.<\/p>\n<p>SANA\u2019ya a\u00e7\u0131klama yapan Mualla; bu \u00f6d\u00fcl\u00fcn Suriyeli t\u00fcm sporcular\u0131n \u00f6d\u00fcl\u00fc oldu\u011funa dikkat \u00e7ekti. Suriyeli sporcular\u0131n ya\u015fanan ko\u015fullara ra\u011fmen yerel, b\u00f6lgesel ve uluslar aras\u0131 d\u00fczeyde olduk\u00e7a dikkat \u00e7ekici ba\u015far\u0131lara imza att\u0131klar\u0131na vurgu yapan Mualla, bu ba\u015far\u0131lar\u0131n uluslar aras\u0131 d\u00fczeyde spor camias\u0131n\u0131n ilgi ve dikkat oda\u011f\u0131 haline geldi\u011fini kaydetti.<\/p>\n","protected":false},"excerpt":{"rendered":"<p>PRAG \u2013 Uluslararas\u0131 Olimpik Komite ve D\u00fcnya Olimpiyat Komiteleri Federasyonu Suriye Olimpiyat Komitesinin etkinle\u015ftirilmesi ve bulundu\u011fu spor faaliyetlerine takdirin bir ifadesi olarak bug\u00fcn \u00c7ek Cumhuriyetinin ba\u015fkenti Prag\u2019da Suriyeli uluslar aras\u0131 y\u00fcz\u00fcc\u00fc Firas Mualla\u2019y\u0131 onurland\u0131rd\u0131lar. Mualla ayr\u0131ca ge\u00e7en A\u011fustos ay\u0131n\u0131n 11\u2019inde Macaristan\u2019da d\u00fczenlenen D\u00fcnya Y\u00fczme \u015eampiyonas\u0131nda masters grubunda bronz madalya kazanmas\u0131 m\u00fcnasebetiyle de \u00f6d\u00fcllendirildi. SANA\u2019ya a\u00e7\u0131klama &hellip;<\/p>\n","protected":false},"author":1,"featured_media":128127,"comment_status":"closed","ping_status":"closed","sticky":false,"template":"","format":"standard","meta":{"footnotes":""},"categories":[458,498,459,17988,496,497],"tags":[24896,33087,33090,25445,30843,33088,8590,33089,33086],"class_list":["post-128126","post","type-post","status-publish","format-standard","has-post-thumbnail","","category-dunya1","category-dunya-turnuvalari","category-haberler-arap-uluslararasi-politika","category-son-haberler","category-spor","category-yerel-turnuvalar","tag-cek-cumhuriyeti","tag-dunya-olimpiyat-komiteleri-federasyonu","tag-firas-mualla","tag-prag","tag-spor-faaliyetleri","tag-suriye-olimpiyat-komitesinin","tag-suriyeli","tag-uluslar-arasi-yuzucu","tag-uluslararasi-olimpik-komite"],"_links":{"self":[{"href":"https:\/\/archive.sana.sy\/tr\/index.php?rest_route=\/wp\/v2\/posts\/128126","targetHints":{"allow":["GET"]}}],"collection":[{"href":"https:\/\/archive.sana.sy\/tr\/index.php?rest_route=\/wp\/v2\/posts"}],"about":[{"href":"https:\/\/archive.sana.sy\/tr\/index.php?rest_route=\/wp\/v2\/types\/post"}],"author":[{"embeddable":true,"href":"https:\/\/archive.sana.sy\/tr\/index.php?rest_route=\/wp\/v2\/users\/1"}],"replies":[{"embeddable":true,"href":"https:\/\/archive.sana.sy\/tr\/index.php?rest_route=%2Fwp%2Fv2%2Fcomments&post=128126"}],"version-history":[{"count":0,"href":"https:\/\/archive.sana.sy\/tr\/index.php?rest_route=\/wp\/v2\/posts\/128126\/revisions"}],"wp:featuredmedia":[{"embeddable":true,"href":"https:\/\/archive.sana.sy\/tr\/index.php?rest_route=\/wp\/v2\/media\/128127"}],"wp:attachment":[{"href":"https:\/\/archive.sana.sy\/tr\/index.php?rest_route=%2Fwp%2Fv2%2Fmedia&parent=128126"}],"wp:term":[{"taxonomy":"category","embeddable":true,"href":"https:\/\/archive.sana.sy\/tr\/index.php?rest_route=%2Fwp%2Fv2%2Fcategories&post=128126"},{"taxonomy":"post_tag","embeddable":true,"href":"https:\/\/archive.sana.sy\/tr\/index.php?rest_route=%2Fwp%2Fv2%2Ftags&post=128126"}],"curies":[{"name":"wp","href":"https:\/\/api.w.org\/{rel}","templated":true}]}}