{"id":128255,"date":"2017-11-04T12:28:10","date_gmt":"2017-11-04T10:28:10","guid":{"rendered":"http:\/\/www.sana.sy\/tr\/?p=128255"},"modified":"2017-11-05T13:50:14","modified_gmt":"2017-11-05T11:50:14","slug":"128255","status":"publish","type":"post","link":"https:\/\/archive.sana.sy\/tr\/?p=128255","title":{"rendered":"\u0130lk Etapta Son 7 Y\u0131l Belgelenecek"},"content":{"rendered":"<p>\u015eAM \u2013 Vatan Belgesi Kurumu Suriye ve muhtelif Arap \u00fclkelerinden d\u00fc\u015f\u00fcn\u00fcr ve yazarlar\u0131n kat\u0131l\u0131m\u0131yla bug\u00fcn \u015eam \u00dcniversitesi Rekt\u00f6rl\u00fc\u011f\u00fc Konferans Salonunda Balfour Deklarasyonundan y\u00fcz y\u0131l sonra Arap durumunu de\u011ferlendiren bir diyalog konferans\u0131 d\u00fczenledi.<\/p>\n<p>Tarihin derslerinde faydalanma ve daha iyi bir gelecek i\u00e7in hatalar\u0131 telafi etme konular\u0131n\u0131n tart\u0131\u015f\u0131ld\u0131\u011f\u0131 konferansta Cumhurba\u015fkanl\u0131\u011f\u0131 Siyasi ve Bas\u0131n \u0130\u015flerinden Sorumlu Dan\u0131\u015fman\u0131, Vatan Belgesi Kurumunun Meclis Ba\u015fkan\u0131 B\u00fcseyna \u015eaban; kurumun ana hedeflerinden birinin vatan\u0131n vatan i\u00e7in \u00f6nemli \u015feylerde bulunan \u015fahsiyetleri belgeleme ve hakkettikleri sosyal ve tarihi konumu temin etmek oldu\u011funu ifade etti.<\/p>\n<p>Filistin, Suriye ve t\u00fcm Arap milletinin tarihinde belgelenmeyen bir dizi meselenin bulundu\u011funa dikkat \u00e7eken \u015eaban, kurumun t\u00fcm bunlar\u0131 belgeleme \u00e7al\u0131\u015fmalar\u0131nda bulundu\u011funa dikkat \u00e7ekti. \u015eaban kurumun ilk projesinin ise Suriye ve halk\u0131n\u0131n son y\u0131l i\u00e7inde maruz kald\u0131\u011f\u0131 sava\u015f ve durumlar\u0131 belgelemek oldu\u011funu vurgulad\u0131.<\/p>\n<p><span style=\"color: #0000ff\">Balfour Deklarasyonu da Er yada Ge\u00e7 \u00c7\u00f6kertilecek<\/span><\/p>\n<p><a href=\"http:\/\/www.sana.sy\/tr\/wp-content\/uploads\/2017\/11\/2-11.jpg\"><img loading=\"lazy\" decoding=\"async\" class=\"alignright wp-image-128261 size-medium\" src=\"http:\/\/www.sana.sy\/tr\/wp-content\/uploads\/2017\/11\/2-11-300x168.jpg\" alt=\"\" width=\"300\" height=\"168\" srcset=\"https:\/\/archive.sana.sy\/tr\/wp-content\/uploads\/2017\/11\/2-11-300x168.jpg 300w, https:\/\/archive.sana.sy\/tr\/wp-content\/uploads\/2017\/11\/2-11-150x84.jpg 150w, https:\/\/archive.sana.sy\/tr\/wp-content\/uploads\/2017\/11\/2-11.jpg 660w\" sizes=\"auto, (max-width: 300px) 100vw, 300px\" \/><\/a>balCumhuriyet Ba\u015f M\u00fcft\u00fcs\u00fc Ahmet Bedereddin Hassun ise; Balfour Deklarasyona en do\u011fru cevab\u0131n, Filsitin davas\u0131n\u0131n her daim milletimizin y\u00fcre\u011finde ve g\u00fcndeminde kalmas\u0131 oldu\u011funu belirtti.<\/p>\n<p>Hassun 2011 y\u0131l\u0131ndan beri Suriye ve halk\u0131na kar\u015f\u0131 haz\u0131rlanan komplolar ve \u00e7\u0131kar\u0131lan deklarasyonlara i\u015faret ederken, fakat Suriye ve halk\u0131n\u0131n h\u00fcr bir irade ve b\u00fcy\u00fck bir azimle d\u00fc\u015fmanlar\u0131n\u0131n planlar\u0131n\u0131 ve belgelerini \u00e7\u00f6kertmeyi ba\u015fard\u0131klar\u0131na vurgu yapt\u0131. Hassun Balfour Deklarasyonunun da er yada ge\u00e7 \u00e7\u00f6kertilece\u011fini, haklar\u0131n da me\u015fru sahiplerine d\u00f6neceklerinin alt\u0131n\u0131 \u00e7izdi.<\/p>\n","protected":false},"excerpt":{"rendered":"<p>\u015eAM \u2013 Vatan Belgesi Kurumu Suriye ve muhtelif Arap \u00fclkelerinden d\u00fc\u015f\u00fcn\u00fcr ve yazarlar\u0131n kat\u0131l\u0131m\u0131yla bug\u00fcn \u015eam \u00dcniversitesi Rekt\u00f6rl\u00fc\u011f\u00fc Konferans Salonunda Balfour Deklarasyonundan y\u00fcz y\u0131l sonra Arap durumunu de\u011ferlendiren bir diyalog konferans\u0131 d\u00fczenledi. Tarihin derslerinde faydalanma ve daha iyi bir gelecek i\u00e7in hatalar\u0131 telafi etme konular\u0131n\u0131n tart\u0131\u015f\u0131ld\u0131\u011f\u0131 konferansta Cumhurba\u015fkanl\u0131\u011f\u0131 Siyasi ve Bas\u0131n \u0130\u015flerinden Sorumlu Dan\u0131\u015fman\u0131, Vatan &hellip;<\/p>\n","protected":false},"author":1,"featured_media":128259,"comment_status":"closed","ping_status":"closed","sticky":false,"template":"","format":"standard","meta":{"footnotes":""},"categories":[479,17988,478],"tags":[33096,6737,16591,30923,22181],"class_list":["post-128255","post","type-post","status-publish","format-standard","has-post-thumbnail","","category-haberler-yerel","category-son-haberler","category-yerel","tag-balfour-deklarasyonu","tag-filistin","tag-suriye","tag-suriye-muftusu","tag-suriyeliler"],"_links":{"self":[{"href":"https:\/\/archive.sana.sy\/tr\/index.php?rest_route=\/wp\/v2\/posts\/128255","targetHints":{"allow":["GET"]}}],"collection":[{"href":"https:\/\/archive.sana.sy\/tr\/index.php?rest_route=\/wp\/v2\/posts"}],"about":[{"href":"https:\/\/archive.sana.sy\/tr\/index.php?rest_route=\/wp\/v2\/types\/post"}],"author":[{"embeddable":true,"href":"https:\/\/archive.sana.sy\/tr\/index.php?rest_route=\/wp\/v2\/users\/1"}],"replies":[{"embeddable":true,"href":"https:\/\/archive.sana.sy\/tr\/index.php?rest_route=%2Fwp%2Fv2%2Fcomments&post=128255"}],"version-history":[{"count":0,"href":"https:\/\/archive.sana.sy\/tr\/index.php?rest_route=\/wp\/v2\/posts\/128255\/revisions"}],"wp:featuredmedia":[{"embeddable":true,"href":"https:\/\/archive.sana.sy\/tr\/index.php?rest_route=\/wp\/v2\/media\/128259"}],"wp:attachment":[{"href":"https:\/\/archive.sana.sy\/tr\/index.php?rest_route=%2Fwp%2Fv2%2Fmedia&parent=128255"}],"wp:term":[{"taxonomy":"category","embeddable":true,"href":"https:\/\/archive.sana.sy\/tr\/index.php?rest_route=%2Fwp%2Fv2%2Fcategories&post=128255"},{"taxonomy":"post_tag","embeddable":true,"href":"https:\/\/archive.sana.sy\/tr\/index.php?rest_route=%2Fwp%2Fv2%2Ftags&post=128255"}],"curies":[{"name":"wp","href":"https:\/\/api.w.org\/{rel}","templated":true}]}}