{"id":128266,"date":"2017-11-04T12:12:57","date_gmt":"2017-11-04T10:12:57","guid":{"rendered":"http:\/\/www.sana.sy\/tr\/?p=128266"},"modified":"2017-11-12T09:47:56","modified_gmt":"2017-11-12T07:47:56","slug":"suriyeli-sporcularin-haklari-garantilenmelidir","status":"publish","type":"post","link":"https:\/\/archive.sana.sy\/tr\/?p=128266","title":{"rendered":"Suriyeli Sporcular\u0131n Haklar\u0131 Garantilenmelidir"},"content":{"rendered":"<p>PRAG \u2013 Spor Genel Federasyonu Ba\u015fkan\u0131 ve Suriye Olimpiyat Komitesi Ba\u015fkan\u0131 Muvaffak Cuma ve komite genel sekreteri Firas Mualla \u00c7ek Cumhuriyetinin ba\u015fkenti Prag\u2019da d\u00fczenlenen Uluslararas\u0131 Olimpik Komiteler Federasyonunun 22. D\u00f6nem toplant\u0131lar\u0131na kat\u0131ld\u0131.<\/p>\n<p>Toplant\u0131larda konu\u015fan Cuma; uluslar aras\u0131 federasyonu olimpik misaka ba\u011fl\u0131 kalmas\u0131n\u0131n yan\u0131 s\u0131ra Suriyeli sporcular\u0131n mali \u00f6deneklerini \u00f6demesini, bir k\u0131s\u0131m devletlerin uygulad\u0131klar\u0131 yapt\u0131r\u0131mlar\u0131n kald\u0131r\u0131lmas\u0131 i\u00e7in \u00e7aba harcamas\u0131n\u0131 talep etti.<\/p>\n<p>Suriyeli sporcular\u0131n uluslar aras\u0131 yar\u0131\u015fmalara kat\u0131lmalar\u0131 i\u00e7in gerekli vize haklar\u0131ndan faydalanmalar\u0131 gere\u011finin alt\u0131n\u0131 \u00e7izen Cuma; son olarak Suriyeli 5 boks\u00f6r\u00fcn \u00fcst\u00fcn bir performansla Almanya\u2019da yap\u0131lacak D\u00fcnya Boks \u015eampiyonas\u0131na kat\u0131lma hakk\u0131 kazanmalar\u0131na ra\u011fmen Almanya\u2019n\u0131n bu sporculara vize vermeyi reddetti\u011fine vurgu yapt\u0131.<\/p>\n<p>Spor Federasyonu Ba\u015fkan\u0131 Cuma; Suriyeli sporcular\u0131n zor ko\u015fullara ra\u011fmen yerel ve uluslar aras\u0131 d\u00fczeyde sa\u011flad\u0131klar\u0131 ba\u015far\u0131lara dikkat \u00e7ekerken, Uluslar aras\u0131 Olimpik Komiteleri Federasyonunun son olarak Suriyeli uluslar aras\u0131 y\u00fcz\u00fcc\u00fc Firas Mualla\u2019y\u0131 \u00f6d\u00fcllendirmesinin takdire \u015fayan oldu\u011funu kaydetti.<\/p>\n","protected":false},"excerpt":{"rendered":"<p>PRAG \u2013 Spor Genel Federasyonu Ba\u015fkan\u0131 ve Suriye Olimpiyat Komitesi Ba\u015fkan\u0131 Muvaffak Cuma ve komite genel sekreteri Firas Mualla \u00c7ek Cumhuriyetinin ba\u015fkenti Prag\u2019da d\u00fczenlenen Uluslararas\u0131 Olimpik Komiteler Federasyonunun 22. D\u00f6nem toplant\u0131lar\u0131na kat\u0131ld\u0131. Toplant\u0131larda konu\u015fan Cuma; uluslar aras\u0131 federasyonu olimpik misaka ba\u011fl\u0131 kalmas\u0131n\u0131n yan\u0131 s\u0131ra Suriyeli sporcular\u0131n mali \u00f6deneklerini \u00f6demesini, bir k\u0131s\u0131m devletlerin uygulad\u0131klar\u0131 yapt\u0131r\u0131mlar\u0131n kald\u0131r\u0131lmas\u0131 &hellip;<\/p>\n","protected":false},"author":1,"featured_media":128272,"comment_status":"closed","ping_status":"closed","sticky":false,"template":"","format":"standard","meta":{"footnotes":""},"categories":[458,498,459,17988,496],"tags":[33090,28204,28203,16591,22181,33104],"class_list":["post-128266","post","type-post","status-publish","format-standard","has-post-thumbnail","","category-dunya1","category-dunya-turnuvalari","category-haberler-arap-uluslararasi-politika","category-son-haberler","category-spor","tag-firas-mualla","tag-muvaffak-cuma","tag-spor-federasyonu","tag-suriye","tag-suriyeliler","tag-uluslararasi-olimpik-komiteler-federasyonu"],"_links":{"self":[{"href":"https:\/\/archive.sana.sy\/tr\/index.php?rest_route=\/wp\/v2\/posts\/128266","targetHints":{"allow":["GET"]}}],"collection":[{"href":"https:\/\/archive.sana.sy\/tr\/index.php?rest_route=\/wp\/v2\/posts"}],"about":[{"href":"https:\/\/archive.sana.sy\/tr\/index.php?rest_route=\/wp\/v2\/types\/post"}],"author":[{"embeddable":true,"href":"https:\/\/archive.sana.sy\/tr\/index.php?rest_route=\/wp\/v2\/users\/1"}],"replies":[{"embeddable":true,"href":"https:\/\/archive.sana.sy\/tr\/index.php?rest_route=%2Fwp%2Fv2%2Fcomments&post=128266"}],"version-history":[{"count":0,"href":"https:\/\/archive.sana.sy\/tr\/index.php?rest_route=\/wp\/v2\/posts\/128266\/revisions"}],"wp:featuredmedia":[{"embeddable":true,"href":"https:\/\/archive.sana.sy\/tr\/index.php?rest_route=\/wp\/v2\/media\/128272"}],"wp:attachment":[{"href":"https:\/\/archive.sana.sy\/tr\/index.php?rest_route=%2Fwp%2Fv2%2Fmedia&parent=128266"}],"wp:term":[{"taxonomy":"category","embeddable":true,"href":"https:\/\/archive.sana.sy\/tr\/index.php?rest_route=%2Fwp%2Fv2%2Fcategories&post=128266"},{"taxonomy":"post_tag","embeddable":true,"href":"https:\/\/archive.sana.sy\/tr\/index.php?rest_route=%2Fwp%2Fv2%2Ftags&post=128266"}],"curies":[{"name":"wp","href":"https:\/\/api.w.org\/{rel}","templated":true}]}}