{"id":128271,"date":"2017-11-04T12:37:19","date_gmt":"2017-11-04T10:37:19","guid":{"rendered":"http:\/\/www.sana.sy\/tr\/?p=128271"},"modified":"2017-11-12T09:47:51","modified_gmt":"2017-11-12T07:47:51","slug":"suriye-stantlari-daha-fazla-ilgi-goruyor","status":"publish","type":"post","link":"https:\/\/archive.sana.sy\/tr\/?p=128271","title":{"rendered":"Suriye Stantlar\u0131 Daha Fazla \u0130lgi G\u00f6r\u00fcyor"},"content":{"rendered":"<p>\u015eAR\u0130KA &#8211; Suriye, Birle\u015fik Arap Emirliklerinin \u015earika Kentinde d\u00fczenlenen Uluslararas\u0131 \u015earika Kitap Fuar\u0131na y\u00fczden fazla kitap evi ile kat\u0131lmas\u0131yla Suriye stantlar\u0131 kitapseverler, gazeteciler ve ayd\u0131nlar taraf\u0131ndan b\u00fcy\u00fck ilgi g\u00f6r\u00fcyor.\u00a0<a href=\"http:\/\/www.sana.sy\/tr\/wp-content\/uploads\/2017\/11\/5-4.jpg\"><img loading=\"lazy\" decoding=\"async\" class=\"alignright wp-image-128279 \" src=\"http:\/\/www.sana.sy\/tr\/wp-content\/uploads\/2017\/11\/5-4-300x206.jpg\" alt=\"\" width=\"278\" height=\"191\" srcset=\"https:\/\/archive.sana.sy\/tr\/wp-content\/uploads\/2017\/11\/5-4-300x206.jpg 300w, https:\/\/archive.sana.sy\/tr\/wp-content\/uploads\/2017\/11\/5-4-150x103.jpg 150w, https:\/\/archive.sana.sy\/tr\/wp-content\/uploads\/2017\/11\/5-4-768x526.jpg 768w, https:\/\/archive.sana.sy\/tr\/wp-content\/uploads\/2017\/11\/5-4-110x75.jpg 110w, https:\/\/archive.sana.sy\/tr\/wp-content\/uploads\/2017\/11\/5-4.jpg 854w\" sizes=\"auto, (max-width: 278px) 100vw, 278px\" \/><\/a><\/p>\n<p>Suriye Yay\u0131nevleri Birli\u011fi Ba\u015fkan\u0131 Heysem Haf\u0131z yapt\u0131\u011f\u0131 a\u00e7\u0131klamada; Suriyeli kitapevlerin fuara geni\u015f bir yelpaze ile kat\u0131ld\u0131klar\u0131na dikkat \u00e7ekerken, son olarak Suriye ve halk\u0131na y\u00f6nelik sava\u015f s\u00fcresince bas\u0131lan kitaplar\u0131n b\u00fcy\u00fck ilgi \u00e7ekti\u011fini s\u00f6yledi.<\/p>\n<p>Haf\u0131z Suriye stantlar\u0131n\u0131n fuara kat\u0131lan di\u011fer devletlerin stantlar\u0131ndan daha fazla ilgi g\u00f6rd\u00fc\u011f\u00fcn\u00fc belirtti.<\/p>\n<div id='gallery-1' class='gallery galleryid-128271 gallery-columns-4 gallery-size-thumbnail'><figure class='gallery-item'>\n\t\t\t<div class='gallery-icon landscape'>\n\t\t\t\t<a href='https:\/\/archive.sana.sy\/tr\/wp-content\/uploads\/2017\/11\/6-4.jpg'><img loading=\"lazy\" decoding=\"async\" width=\"150\" height=\"75\" src=\"https:\/\/archive.sana.sy\/tr\/wp-content\/uploads\/2017\/11\/6-4-150x75.jpg\" class=\"attachment-thumbnail size-thumbnail\" alt=\"\" srcset=\"https:\/\/archive.sana.sy\/tr\/wp-content\/uploads\/2017\/11\/6-4-150x75.jpg 150w, https:\/\/archive.sana.sy\/tr\/wp-content\/uploads\/2017\/11\/6-4-300x150.jpg 300w, https:\/\/archive.sana.sy\/tr\/wp-content\/uploads\/2017\/11\/6-4.jpg 660w\" sizes=\"auto, (max-width: 150px) 100vw, 150px\" \/><\/a>\n\t\t\t<\/div><\/figure><figure class='gallery-item'>\n\t\t\t<div class='gallery-icon portrait'>\n\t\t\t\t<a href='https:\/\/archive.sana.sy\/tr\/wp-content\/uploads\/2017\/11\/2-12.jpg'><img loading=\"lazy\" decoding=\"async\" width=\"113\" height=\"150\" src=\"https:\/\/archive.sana.sy\/tr\/wp-content\/uploads\/2017\/11\/2-12-113x150.jpg\" class=\"attachment-thumbnail size-thumbnail\" alt=\"\" srcset=\"https:\/\/archive.sana.sy\/tr\/wp-content\/uploads\/2017\/11\/2-12-113x150.jpg 113w, https:\/\/archive.sana.sy\/tr\/wp-content\/uploads\/2017\/11\/2-12-225x300.jpg 225w, https:\/\/archive.sana.sy\/tr\/wp-content\/uploads\/2017\/11\/2-12.jpg 720w\" sizes=\"auto, (max-width: 113px) 100vw, 113px\" \/><\/a>\n\t\t\t<\/div><\/figure><figure class='gallery-item'>\n\t\t\t<div class='gallery-icon landscape'>\n\t\t\t\t<a href='https:\/\/archive.sana.sy\/tr\/wp-content\/uploads\/2017\/11\/3-9.jpg'><img loading=\"lazy\" decoding=\"async\" width=\"150\" height=\"95\" src=\"https:\/\/archive.sana.sy\/tr\/wp-content\/uploads\/2017\/11\/3-9-150x95.jpg\" class=\"attachment-thumbnail size-thumbnail\" alt=\"\" srcset=\"https:\/\/archive.sana.sy\/tr\/wp-content\/uploads\/2017\/11\/3-9-150x95.jpg 150w, https:\/\/archive.sana.sy\/tr\/wp-content\/uploads\/2017\/11\/3-9-300x190.jpg 300w, https:\/\/archive.sana.sy\/tr\/wp-content\/uploads\/2017\/11\/3-9-768x487.jpg 768w, https:\/\/archive.sana.sy\/tr\/wp-content\/uploads\/2017\/11\/3-9.jpg 939w\" sizes=\"auto, (max-width: 150px) 100vw, 150px\" \/><\/a>\n\t\t\t<\/div><\/figure><figure class='gallery-item'>\n\t\t\t<div class='gallery-icon portrait'>\n\t\t\t\t<a href='https:\/\/archive.sana.sy\/tr\/wp-content\/uploads\/2017\/11\/4-5.jpg'><img loading=\"lazy\" decoding=\"async\" width=\"113\" height=\"150\" src=\"https:\/\/archive.sana.sy\/tr\/wp-content\/uploads\/2017\/11\/4-5-113x150.jpg\" class=\"attachment-thumbnail size-thumbnail\" alt=\"\" srcset=\"https:\/\/archive.sana.sy\/tr\/wp-content\/uploads\/2017\/11\/4-5-113x150.jpg 113w, https:\/\/archive.sana.sy\/tr\/wp-content\/uploads\/2017\/11\/4-5-225x300.jpg 225w, https:\/\/archive.sana.sy\/tr\/wp-content\/uploads\/2017\/11\/4-5.jpg 720w\" sizes=\"auto, (max-width: 113px) 100vw, 113px\" \/><\/a>\n\t\t\t<\/div><\/figure>\n\t\t<\/div>\n\n","protected":false},"excerpt":{"rendered":"<p>\u015eAR\u0130KA &#8211; Suriye, Birle\u015fik Arap Emirliklerinin \u015earika Kentinde d\u00fczenlenen Uluslararas\u0131 \u015earika Kitap Fuar\u0131na y\u00fczden fazla kitap evi ile kat\u0131lmas\u0131yla Suriye stantlar\u0131 kitapseverler, gazeteciler ve ayd\u0131nlar taraf\u0131ndan b\u00fcy\u00fck ilgi g\u00f6r\u00fcyor.\u00a0 Suriye Yay\u0131nevleri Birli\u011fi Ba\u015fkan\u0131 Heysem Haf\u0131z yapt\u0131\u011f\u0131 a\u00e7\u0131klamada; Suriyeli kitapevlerin fuara geni\u015f bir yelpaze ile kat\u0131ld\u0131klar\u0131na dikkat \u00e7ekerken, son olarak Suriye ve halk\u0131na y\u00f6nelik sava\u015f s\u00fcresince &hellip;<\/p>\n","protected":false},"author":1,"featured_media":128275,"comment_status":"closed","ping_status":"closed","sticky":false,"template":"","format":"standard","meta":{"footnotes":""},"categories":[596,516,511,17988],"tags":[24549,16591,33106,22181,33105],"class_list":["post-128271","post","type-post","status-publish","format-standard","has-post-thumbnail","","category-fotografli-raporlar","category-haberler-kultur-ve-sanat","category-kultur-ve-sanat","category-son-haberler","tag-kitap-fuari","tag-suriye","tag-suriye-kitaplari","tag-suriyeliler","tag-uluslararasi-kitap-fuari"],"_links":{"self":[{"href":"https:\/\/archive.sana.sy\/tr\/index.php?rest_route=\/wp\/v2\/posts\/128271","targetHints":{"allow":["GET"]}}],"collection":[{"href":"https:\/\/archive.sana.sy\/tr\/index.php?rest_route=\/wp\/v2\/posts"}],"about":[{"href":"https:\/\/archive.sana.sy\/tr\/index.php?rest_route=\/wp\/v2\/types\/post"}],"author":[{"embeddable":true,"href":"https:\/\/archive.sana.sy\/tr\/index.php?rest_route=\/wp\/v2\/users\/1"}],"replies":[{"embeddable":true,"href":"https:\/\/archive.sana.sy\/tr\/index.php?rest_route=%2Fwp%2Fv2%2Fcomments&post=128271"}],"version-history":[{"count":0,"href":"https:\/\/archive.sana.sy\/tr\/index.php?rest_route=\/wp\/v2\/posts\/128271\/revisions"}],"wp:featuredmedia":[{"embeddable":true,"href":"https:\/\/archive.sana.sy\/tr\/index.php?rest_route=\/wp\/v2\/media\/128275"}],"wp:attachment":[{"href":"https:\/\/archive.sana.sy\/tr\/index.php?rest_route=%2Fwp%2Fv2%2Fmedia&parent=128271"}],"wp:term":[{"taxonomy":"category","embeddable":true,"href":"https:\/\/archive.sana.sy\/tr\/index.php?rest_route=%2Fwp%2Fv2%2Fcategories&post=128271"},{"taxonomy":"post_tag","embeddable":true,"href":"https:\/\/archive.sana.sy\/tr\/index.php?rest_route=%2Fwp%2Fv2%2Ftags&post=128271"}],"curies":[{"name":"wp","href":"https:\/\/api.w.org\/{rel}","templated":true}]}}