{"id":128303,"date":"2017-11-05T14:00:20","date_gmt":"2017-11-05T12:00:20","guid":{"rendered":"http:\/\/www.sana.sy\/tr\/?p=128303"},"modified":"2017-11-06T14:45:14","modified_gmt":"2017-11-06T12:45:14","slug":"kamislidan-hasekeye-10-bin-ton-bugday-aktarilacak","status":"publish","type":"post","link":"https:\/\/archive.sana.sy\/tr\/?p=128303","title":{"rendered":"Kam\u0131\u015fl\u0131\u2019dan Haseke\u2019ye 10 Bin Ton Bu\u011fday Aktar\u0131lacak"},"content":{"rendered":"<p>HASEKE \u2013 Haseke \u0130l Tah\u0131l Silolar\u0131 M\u00fcd\u00fcrl\u00fc\u011f\u00fc; Haseke\u2019de de\u011firmenlerin bu\u011fday ihtiya\u00e7lar\u0131n\u0131n kar\u015f\u0131lanmas\u0131 amac\u0131yla Kam\u0131\u015fl\u0131 B\u00f6lgesindeki Tah\u0131l \u00dcretim ve Ticaret Kurumundan bu\u011fday aktarma \u00e7al\u0131\u015fmalar\u0131n\u0131 ba\u015flatt\u0131.<\/p>\n<p>Silolar Kurumunun Do\u011fu B\u00f6lge M\u00fcd\u00fcr\u00fc Talal EminKam\u0131\u015fl\u0131\u2019dan Haseke Kentine 10 bin ton bu\u011fday\u0131n aktar\u0131lmas\u0131 planland\u0131\u011f\u0131n\u0131 ifade ederken, bu miktar\u0131 aktarma \u00e7al\u0131\u015fmalar\u0131n\u0131n ba\u015flat\u0131ld\u0131\u011f\u0131n\u0131 a\u00e7\u0131klad\u0131.<\/p>\n","protected":false},"excerpt":{"rendered":"<p>HASEKE \u2013 Haseke \u0130l Tah\u0131l Silolar\u0131 M\u00fcd\u00fcrl\u00fc\u011f\u00fc; Haseke\u2019de de\u011firmenlerin bu\u011fday ihtiya\u00e7lar\u0131n\u0131n kar\u015f\u0131lanmas\u0131 amac\u0131yla Kam\u0131\u015fl\u0131 B\u00f6lgesindeki Tah\u0131l \u00dcretim ve Ticaret Kurumundan bu\u011fday aktarma \u00e7al\u0131\u015fmalar\u0131n\u0131 ba\u015flatt\u0131. Silolar Kurumunun Do\u011fu B\u00f6lge M\u00fcd\u00fcr\u00fc Talal EminKam\u0131\u015fl\u0131\u2019dan Haseke Kentine 10 bin ton bu\u011fday\u0131n aktar\u0131lmas\u0131 planland\u0131\u011f\u0131n\u0131 ifade ederken, bu miktar\u0131 aktarma \u00e7al\u0131\u015fmalar\u0131n\u0131n ba\u015flat\u0131ld\u0131\u011f\u0131n\u0131 a\u00e7\u0131klad\u0131.<\/p>\n","protected":false},"author":1,"featured_media":128305,"comment_status":"closed","ping_status":"closed","sticky":false,"template":"","format":"standard","meta":{"footnotes":""},"categories":[485,486,17988],"tags":[22218,1140,19954,16591,22181,22217],"class_list":["post-128303","post","type-post","status-publish","format-standard","has-post-thumbnail","","category-is-ve-sermaye","category-haberler-is-ve-sermaye","category-son-haberler","tag-bugday","tag-haseke","tag-kamisli","tag-suriye","tag-suriyeliler","tag-tahil"],"_links":{"self":[{"href":"https:\/\/archive.sana.sy\/tr\/index.php?rest_route=\/wp\/v2\/posts\/128303","targetHints":{"allow":["GET"]}}],"collection":[{"href":"https:\/\/archive.sana.sy\/tr\/index.php?rest_route=\/wp\/v2\/posts"}],"about":[{"href":"https:\/\/archive.sana.sy\/tr\/index.php?rest_route=\/wp\/v2\/types\/post"}],"author":[{"embeddable":true,"href":"https:\/\/archive.sana.sy\/tr\/index.php?rest_route=\/wp\/v2\/users\/1"}],"replies":[{"embeddable":true,"href":"https:\/\/archive.sana.sy\/tr\/index.php?rest_route=%2Fwp%2Fv2%2Fcomments&post=128303"}],"version-history":[{"count":0,"href":"https:\/\/archive.sana.sy\/tr\/index.php?rest_route=\/wp\/v2\/posts\/128303\/revisions"}],"wp:featuredmedia":[{"embeddable":true,"href":"https:\/\/archive.sana.sy\/tr\/index.php?rest_route=\/wp\/v2\/media\/128305"}],"wp:attachment":[{"href":"https:\/\/archive.sana.sy\/tr\/index.php?rest_route=%2Fwp%2Fv2%2Fmedia&parent=128303"}],"wp:term":[{"taxonomy":"category","embeddable":true,"href":"https:\/\/archive.sana.sy\/tr\/index.php?rest_route=%2Fwp%2Fv2%2Fcategories&post=128303"},{"taxonomy":"post_tag","embeddable":true,"href":"https:\/\/archive.sana.sy\/tr\/index.php?rest_route=%2Fwp%2Fv2%2Ftags&post=128303"}],"curies":[{"name":"wp","href":"https:\/\/api.w.org\/{rel}","templated":true}]}}