{"id":12842,"date":"2014-10-14T08:52:46","date_gmt":"2014-10-14T05:52:46","guid":{"rendered":"http:\/\/www.sana.sy\/tr\/?p=12842"},"modified":"2014-10-14T11:29:09","modified_gmt":"2014-10-14T08:29:09","slug":"amerika-ve-muttefikleri-savas-ucaklari-isid-mevzilerini-bombalamaya-devam-etti","status":"publish","type":"post","link":"https:\/\/archive.sana.sy\/tr\/?p=12842","title":{"rendered":"Amerika ve M\u00fcttefikleri Sava\u015f U\u00e7aklar\u0131 I\u015e\u0130D Mevzilerini Bombalamaya Devam Etti"},"content":{"rendered":"<p>DEYREZZOR \u2013 Amerika ve m\u00fcttefikleri sava\u015f u\u00e7aklar\u0131 d\u00fcn gece do\u011fu Deyrezzor k\u0131rsal\u0131ndaki el Mayadin kentindeki I\u015e\u0130D ter\u00f6r \u00f6rg\u00fct\u00fc mevzilerini bombard\u0131man ate\u015fine tuttu.<\/p>\n<p>Kentte yerel kaynaklar SANA muhabirine a\u00e7\u0131klamalar\u0131nda, bombard\u0131manlar\u0131n Koyun pazar\u0131 y\u00f6n\u00fcnden kentin taraflar\u0131yla kent badiyesinde ilkel yollarla yap\u0131lan bir rafineriyi hedef ald\u0131klar\u0131n\u0131 s\u00f6yledi.<\/p>\n","protected":false},"excerpt":{"rendered":"<p>DEYREZZOR \u2013 Amerika ve m\u00fcttefikleri sava\u015f u\u00e7aklar\u0131 d\u00fcn gece do\u011fu Deyrezzor k\u0131rsal\u0131ndaki el Mayadin kentindeki I\u015e\u0130D ter\u00f6r \u00f6rg\u00fct\u00fc mevzilerini bombard\u0131man ate\u015fine tuttu. Kentte yerel kaynaklar SANA muhabirine a\u00e7\u0131klamalar\u0131nda, bombard\u0131manlar\u0131n Koyun pazar\u0131 y\u00f6n\u00fcnden kentin taraflar\u0131yla kent badiyesinde ilkel yollarla yap\u0131lan bir rafineriyi hedef ald\u0131klar\u0131n\u0131 s\u00f6yledi.<\/p>\n","protected":false},"author":1,"featured_media":12859,"comment_status":"closed","ping_status":"closed","sticky":false,"template":"","format":"standard","meta":{"footnotes":""},"categories":[458,459,575,447],"tags":[3504,3507,3508,3506,3505],"class_list":["post-12842","post","type-post","status-publish","format-standard","has-post-thumbnail","","category-dunya1","category-haberler-arap-uluslararasi-politika","category-olaylar-ve-gercekler","category-politika","tag-amerika-ve-muttefikleri","tag-bombalamaya","tag-devam-etti","tag-isid-mevzilerini","tag-savas-ucaklari"],"_links":{"self":[{"href":"https:\/\/archive.sana.sy\/tr\/index.php?rest_route=\/wp\/v2\/posts\/12842","targetHints":{"allow":["GET"]}}],"collection":[{"href":"https:\/\/archive.sana.sy\/tr\/index.php?rest_route=\/wp\/v2\/posts"}],"about":[{"href":"https:\/\/archive.sana.sy\/tr\/index.php?rest_route=\/wp\/v2\/types\/post"}],"author":[{"embeddable":true,"href":"https:\/\/archive.sana.sy\/tr\/index.php?rest_route=\/wp\/v2\/users\/1"}],"replies":[{"embeddable":true,"href":"https:\/\/archive.sana.sy\/tr\/index.php?rest_route=%2Fwp%2Fv2%2Fcomments&post=12842"}],"version-history":[{"count":0,"href":"https:\/\/archive.sana.sy\/tr\/index.php?rest_route=\/wp\/v2\/posts\/12842\/revisions"}],"wp:featuredmedia":[{"embeddable":true,"href":"https:\/\/archive.sana.sy\/tr\/index.php?rest_route=\/wp\/v2\/media\/12859"}],"wp:attachment":[{"href":"https:\/\/archive.sana.sy\/tr\/index.php?rest_route=%2Fwp%2Fv2%2Fmedia&parent=12842"}],"wp:term":[{"taxonomy":"category","embeddable":true,"href":"https:\/\/archive.sana.sy\/tr\/index.php?rest_route=%2Fwp%2Fv2%2Fcategories&post=12842"},{"taxonomy":"post_tag","embeddable":true,"href":"https:\/\/archive.sana.sy\/tr\/index.php?rest_route=%2Fwp%2Fv2%2Ftags&post=12842"}],"curies":[{"name":"wp","href":"https:\/\/api.w.org\/{rel}","templated":true}]}}