{"id":128511,"date":"2017-11-09T11:30:38","date_gmt":"2017-11-09T09:30:38","guid":{"rendered":"http:\/\/www.sana.sy\/tr\/?p=128511"},"modified":"2017-11-10T14:52:52","modified_gmt":"2017-11-10T12:52:52","slug":"eski-sarkilar-sanatseverleri-buyuledi-video","status":"publish","type":"post","link":"https:\/\/archive.sana.sy\/tr\/?p=128511","title":{"rendered":"Eski \u015eark\u0131lar Sanatseverleri B\u00fcy\u00fcledi (video)"},"content":{"rendered":"<p>\u015eAM \u2013 Esad K\u00fclt\u00fcr Sanat Merkezinin d\u00fcn ak\u015fam organize etti\u011fi m\u00fczik dinletisinde gen\u00e7 ses sanat\u00e7\u0131s\u0131 Abir Batal; eski oryantal \u015fark\u0131larla sanatseverleri adeta b\u00fcy\u00fcledi.<\/p>\n<p>Y\u00fcksek Konservatuar Oryantal M\u00fczik B\u00f6l\u00fcm\u00fcnden mezun olan ses sanat\u00e7\u0131s\u0131 Batal, sanatsal yetene\u011fini sergilerken, Feyruz gibi \u00fcnl\u00fc sanat\u00e7\u0131lar dahil bir\u00e7ok zor eseri kendi sesiyle yorumlar\u0131.<\/p>\n<p>https:\/\/www.youtube.com\/watch?v=vmULCHsupsY<\/p>\n","protected":false},"excerpt":{"rendered":"<p>\u015eAM \u2013 Esad K\u00fclt\u00fcr Sanat Merkezinin d\u00fcn ak\u015fam organize etti\u011fi m\u00fczik dinletisinde gen\u00e7 ses sanat\u00e7\u0131s\u0131 Abir Batal; eski oryantal \u015fark\u0131larla sanatseverleri adeta b\u00fcy\u00fcledi. Y\u00fcksek Konservatuar Oryantal M\u00fczik B\u00f6l\u00fcm\u00fcnden mezun olan ses sanat\u00e7\u0131s\u0131 Batal, sanatsal yetene\u011fini sergilerken, Feyruz gibi \u00fcnl\u00fc sanat\u00e7\u0131lar dahil bir\u00e7ok zor eseri kendi sesiyle yorumlar\u0131. https:\/\/www.youtube.com\/watch?v=vmULCHsupsY<\/p>\n","protected":false},"author":1,"featured_media":128513,"comment_status":"closed","ping_status":"closed","sticky":false,"template":"","format":"standard","meta":{"footnotes":""},"categories":[516,511,17988],"tags":[27474,33163,16591,24868,22181],"class_list":["post-128511","post","type-post","status-publish","format-standard","has-post-thumbnail","","category-haberler-kultur-ve-sanat","category-kultur-ve-sanat","category-son-haberler","tag-esad-kultur-sanat-merkezi","tag-oryantal-muzik","tag-suriye","tag-suriyede-sanat","tag-suriyeliler"],"_links":{"self":[{"href":"https:\/\/archive.sana.sy\/tr\/index.php?rest_route=\/wp\/v2\/posts\/128511","targetHints":{"allow":["GET"]}}],"collection":[{"href":"https:\/\/archive.sana.sy\/tr\/index.php?rest_route=\/wp\/v2\/posts"}],"about":[{"href":"https:\/\/archive.sana.sy\/tr\/index.php?rest_route=\/wp\/v2\/types\/post"}],"author":[{"embeddable":true,"href":"https:\/\/archive.sana.sy\/tr\/index.php?rest_route=\/wp\/v2\/users\/1"}],"replies":[{"embeddable":true,"href":"https:\/\/archive.sana.sy\/tr\/index.php?rest_route=%2Fwp%2Fv2%2Fcomments&post=128511"}],"version-history":[{"count":0,"href":"https:\/\/archive.sana.sy\/tr\/index.php?rest_route=\/wp\/v2\/posts\/128511\/revisions"}],"wp:featuredmedia":[{"embeddable":true,"href":"https:\/\/archive.sana.sy\/tr\/index.php?rest_route=\/wp\/v2\/media\/128513"}],"wp:attachment":[{"href":"https:\/\/archive.sana.sy\/tr\/index.php?rest_route=%2Fwp%2Fv2%2Fmedia&parent=128511"}],"wp:term":[{"taxonomy":"category","embeddable":true,"href":"https:\/\/archive.sana.sy\/tr\/index.php?rest_route=%2Fwp%2Fv2%2Fcategories&post=128511"},{"taxonomy":"post_tag","embeddable":true,"href":"https:\/\/archive.sana.sy\/tr\/index.php?rest_route=%2Fwp%2Fv2%2Ftags&post=128511"}],"curies":[{"name":"wp","href":"https:\/\/api.w.org\/{rel}","templated":true}]}}