{"id":128517,"date":"2017-11-09T10:00:23","date_gmt":"2017-11-09T08:00:23","guid":{"rendered":"http:\/\/www.sana.sy\/tr\/?p=128517"},"modified":"2017-11-10T14:52:55","modified_gmt":"2017-11-10T12:52:55","slug":"katar-ile-2-2-berabere-kaldik","status":"publish","type":"post","link":"https:\/\/archive.sana.sy\/tr\/?p=128517","title":{"rendered":"Katar ile 2-2 Berabere Kald\u0131k"},"content":{"rendered":"<p>DOHA \u2013 2018 y\u0131l\u0131n\u0131n ocak ay\u0131 ba\u015flar\u0131nda \u00c7in\u2019de d\u00fczenlenecek Asya Kupas\u0131 finallerine haz\u0131rl\u0131k olarak futbol olimpiyat tak\u0131m\u0131m\u0131z Katar tak\u0131m\u0131 ile Doha\u2019da oynad\u0131\u011f\u0131 ma\u00e7ta 2-2 berabere kald\u0131.<\/p>\n<p>\u00c7eki\u015fmeli ve heyecanl\u0131 ge\u00e7en ma\u00e7ta olimpiyat tak\u0131m\u0131m\u0131z iki g\u00f6l\u00fcn\u00fc 11 ve 58 atarken, Katar tak\u0131m\u0131 ise g\u00f6llerini 72 ve 89 dakikalar\u0131nda att\u0131.<\/p>\n","protected":false},"excerpt":{"rendered":"<p>DOHA \u2013 2018 y\u0131l\u0131n\u0131n ocak ay\u0131 ba\u015flar\u0131nda \u00c7in\u2019de d\u00fczenlenecek Asya Kupas\u0131 finallerine haz\u0131rl\u0131k olarak futbol olimpiyat tak\u0131m\u0131m\u0131z Katar tak\u0131m\u0131 ile Doha\u2019da oynad\u0131\u011f\u0131 ma\u00e7ta 2-2 berabere kald\u0131. \u00c7eki\u015fmeli ve heyecanl\u0131 ge\u00e7en ma\u00e7ta olimpiyat tak\u0131m\u0131m\u0131z iki g\u00f6l\u00fcn\u00fc 11 ve 58 atarken, Katar tak\u0131m\u0131 ise g\u00f6llerini 72 ve 89 dakikalar\u0131nda att\u0131.<\/p>\n","protected":false},"author":1,"featured_media":128519,"comment_status":"closed","ping_status":"closed","sticky":false,"template":"","format":"standard","meta":{"footnotes":""},"categories":[498,17988,496],"tags":[33167,20552,26998,25298,16591,25392,22181],"class_list":["post-128517","post","type-post","status-publish","format-standard","has-post-thumbnail","","category-dunya-turnuvalari","category-son-haberler","category-spor","tag-asya-finalleri","tag-asya-kupasi","tag-futbol","tag-futbol-maci","tag-suriye","tag-suriyede-futbol","tag-suriyeliler"],"_links":{"self":[{"href":"https:\/\/archive.sana.sy\/tr\/index.php?rest_route=\/wp\/v2\/posts\/128517","targetHints":{"allow":["GET"]}}],"collection":[{"href":"https:\/\/archive.sana.sy\/tr\/index.php?rest_route=\/wp\/v2\/posts"}],"about":[{"href":"https:\/\/archive.sana.sy\/tr\/index.php?rest_route=\/wp\/v2\/types\/post"}],"author":[{"embeddable":true,"href":"https:\/\/archive.sana.sy\/tr\/index.php?rest_route=\/wp\/v2\/users\/1"}],"replies":[{"embeddable":true,"href":"https:\/\/archive.sana.sy\/tr\/index.php?rest_route=%2Fwp%2Fv2%2Fcomments&post=128517"}],"version-history":[{"count":0,"href":"https:\/\/archive.sana.sy\/tr\/index.php?rest_route=\/wp\/v2\/posts\/128517\/revisions"}],"wp:featuredmedia":[{"embeddable":true,"href":"https:\/\/archive.sana.sy\/tr\/index.php?rest_route=\/wp\/v2\/media\/128519"}],"wp:attachment":[{"href":"https:\/\/archive.sana.sy\/tr\/index.php?rest_route=%2Fwp%2Fv2%2Fmedia&parent=128517"}],"wp:term":[{"taxonomy":"category","embeddable":true,"href":"https:\/\/archive.sana.sy\/tr\/index.php?rest_route=%2Fwp%2Fv2%2Fcategories&post=128517"},{"taxonomy":"post_tag","embeddable":true,"href":"https:\/\/archive.sana.sy\/tr\/index.php?rest_route=%2Fwp%2Fv2%2Ftags&post=128517"}],"curies":[{"name":"wp","href":"https:\/\/api.w.org\/{rel}","templated":true}]}}