{"id":128718,"date":"2017-11-11T14:45:07","date_gmt":"2017-11-11T12:45:07","guid":{"rendered":"http:\/\/www.sana.sy\/tr\/?p=128718"},"modified":"2017-11-12T09:39:49","modified_gmt":"2017-11-12T07:39:49","slug":"futbol-takimimiz-yogun-ilgiyle-karsilandi","status":"publish","type":"post","link":"https:\/\/archive.sana.sy\/tr\/?p=128718","title":{"rendered":"Futbol Tak\u0131m\u0131m\u0131z Yo\u011fun \u0130lgiyle Kar\u015f\u0131land\u0131"},"content":{"rendered":"<p>BA\u011eDAT \u2013 Suriye futbol tak\u0131m\u0131 2019\u2019da Birle\u015fik Arap Emirliklerinde oynanacak Asya Finallerine haz\u0131rl\u0131k olarak devam eden F\u0130FA G\u00fcnleri kapsam\u0131nda karde\u015f Irak tak\u0131m\u0131yla Pazartesi g\u00fcn\u00fc oynayaca\u011f\u0131 dostluk ma\u00e7\u0131 i\u00e7in bug\u00fcn erken saatlerde Necef Havaalan\u0131na indi.<\/p>\n<p><a href=\"http:\/\/www.sana.sy\/tr\/wp-content\/uploads\/2017\/11\/Spor-1.jpg\"><img loading=\"lazy\" decoding=\"async\" class=\"alignright wp-image-128725 size-medium\" src=\"http:\/\/www.sana.sy\/tr\/wp-content\/uploads\/2017\/11\/Spor-1-300x174.jpg\" alt=\"\" width=\"300\" height=\"174\" srcset=\"https:\/\/archive.sana.sy\/tr\/wp-content\/uploads\/2017\/11\/Spor-1-300x174.jpg 300w, https:\/\/archive.sana.sy\/tr\/wp-content\/uploads\/2017\/11\/Spor-1-150x87.jpg 150w, https:\/\/archive.sana.sy\/tr\/wp-content\/uploads\/2017\/11\/Spor-1.jpg 768w\" sizes=\"auto, (max-width: 300px) 100vw, 300px\" \/><\/a>Futbol tak\u0131m\u0131m\u0131z 2018\u2019de d\u00fczenlenecek D\u00fcnya Kupas\u0131 elemelerinden \u00e7\u0131kmas\u0131 ard\u0131ndan uluslar aras\u0131 d\u00fczeyde oynayaca\u011f\u0131 ilk ma\u00e7\u0131nda konumunu g\u00fc\u00e7lendirmeye \u00e7al\u0131\u015f\u0131yor.<\/p>\n<p>Futbol tak\u0131m\u0131m\u0131z\u0131n bas\u0131n koordinat\u00f6r\u00fc Be\u015f\u015far Muhammed; tak\u0131m\u0131n Irak\u2019a ula\u015fmas\u0131 ard\u0131ndan ba\u015fta Irak Gen\u00e7lik ve Spor Bakan\u0131 Abd\u00fclh\u00fcseyin Abtan ve Irak Futbol Federasyonu \u00fcyeleri ve bariz spor \u015fahsiyetleri ba\u015fta olmak \u00fczere resmi, sivil, bas\u0131n ve spor faaliyetleri taraf\u0131ndan yo\u011fun bir ilgiyle kar\u015f\u0131land\u0131klar\u0131na dikkat \u00e7ekti.<\/p>\n","protected":false},"excerpt":{"rendered":"<p>BA\u011eDAT \u2013 Suriye futbol tak\u0131m\u0131 2019\u2019da Birle\u015fik Arap Emirliklerinde oynanacak Asya Finallerine haz\u0131rl\u0131k olarak devam eden F\u0130FA G\u00fcnleri kapsam\u0131nda karde\u015f Irak tak\u0131m\u0131yla Pazartesi g\u00fcn\u00fc oynayaca\u011f\u0131 dostluk ma\u00e7\u0131 i\u00e7in bug\u00fcn erken saatlerde Necef Havaalan\u0131na indi. Futbol tak\u0131m\u0131m\u0131z 2018\u2019de d\u00fczenlenecek D\u00fcnya Kupas\u0131 elemelerinden \u00e7\u0131kmas\u0131 ard\u0131ndan uluslar aras\u0131 d\u00fczeyde oynayaca\u011f\u0131 ilk ma\u00e7\u0131nda konumunu g\u00fc\u00e7lendirmeye \u00e7al\u0131\u015f\u0131yor. Futbol tak\u0131m\u0131m\u0131z\u0131n bas\u0131n &hellip;<\/p>\n","protected":false},"author":1,"featured_media":128720,"comment_status":"closed","ping_status":"closed","sticky":false,"template":"","format":"standard","meta":{"footnotes":""},"categories":[458,498,459,17988,496,497],"tags":[],"class_list":["post-128718","post","type-post","status-publish","format-standard","has-post-thumbnail","","category-dunya1","category-dunya-turnuvalari","category-haberler-arap-uluslararasi-politika","category-son-haberler","category-spor","category-yerel-turnuvalar"],"_links":{"self":[{"href":"https:\/\/archive.sana.sy\/tr\/index.php?rest_route=\/wp\/v2\/posts\/128718","targetHints":{"allow":["GET"]}}],"collection":[{"href":"https:\/\/archive.sana.sy\/tr\/index.php?rest_route=\/wp\/v2\/posts"}],"about":[{"href":"https:\/\/archive.sana.sy\/tr\/index.php?rest_route=\/wp\/v2\/types\/post"}],"author":[{"embeddable":true,"href":"https:\/\/archive.sana.sy\/tr\/index.php?rest_route=\/wp\/v2\/users\/1"}],"replies":[{"embeddable":true,"href":"https:\/\/archive.sana.sy\/tr\/index.php?rest_route=%2Fwp%2Fv2%2Fcomments&post=128718"}],"version-history":[{"count":0,"href":"https:\/\/archive.sana.sy\/tr\/index.php?rest_route=\/wp\/v2\/posts\/128718\/revisions"}],"wp:featuredmedia":[{"embeddable":true,"href":"https:\/\/archive.sana.sy\/tr\/index.php?rest_route=\/wp\/v2\/media\/128720"}],"wp:attachment":[{"href":"https:\/\/archive.sana.sy\/tr\/index.php?rest_route=%2Fwp%2Fv2%2Fmedia&parent=128718"}],"wp:term":[{"taxonomy":"category","embeddable":true,"href":"https:\/\/archive.sana.sy\/tr\/index.php?rest_route=%2Fwp%2Fv2%2Fcategories&post=128718"},{"taxonomy":"post_tag","embeddable":true,"href":"https:\/\/archive.sana.sy\/tr\/index.php?rest_route=%2Fwp%2Fv2%2Ftags&post=128718"}],"curies":[{"name":"wp","href":"https:\/\/api.w.org\/{rel}","templated":true}]}}