{"id":128724,"date":"2017-11-11T14:52:29","date_gmt":"2017-11-11T12:52:29","guid":{"rendered":"http:\/\/www.sana.sy\/tr\/?p=128724"},"modified":"2017-11-11T15:25:53","modified_gmt":"2017-11-11T13:25:53","slug":"suriyenin-bm-daimi-temsilcisi-caferi-bmgknin-uluslar-arasi-atom-ajansi-raporunu-tartistigi-oturumda-suriye-adina-konusuyor","status":"publish","type":"post","link":"https:\/\/archive.sana.sy\/tr\/?p=128724","title":{"rendered":"Suriye&#8217;nin BM Daimi Temsilcisi Caferi \u00d6zel Siyasi Meseleler ve S\u00f6m\u00fcr\u00fcc\u00fcl\u00fc\u011fe Son Verme Komitesi toplant\u0131s\u0131nda Suriye ad\u0131na konu\u015fuyor"},"content":{"rendered":"<p>Suriye&#8217;nin BM Daimi Temsilcisi Caferi \u00d6zel Siyasi Meseleler ve S\u00f6m\u00fcr\u00fcc\u00fcl\u00fc\u011fe Son Verme Komitesi toplant\u0131s\u0131nda Suriye ad\u0131na konu\u015fuyor<\/p>\n<p>https:\/\/www.youtube.com\/watch?v=f9ClOV3euqI&#038;t=3s<\/p>\n","protected":false},"excerpt":{"rendered":"<p>Suriye&#8217;nin BM Daimi Temsilcisi Caferi \u00d6zel Siyasi Meseleler ve S\u00f6m\u00fcr\u00fcc\u00fcl\u00fc\u011fe Son Verme Komitesi toplant\u0131s\u0131nda Suriye ad\u0131na konu\u015fuyor https:\/\/www.youtube.com\/watch?v=f9ClOV3euqI&#038;t=3s<\/p>\n","protected":false},"author":1,"featured_media":128728,"comment_status":"closed","ping_status":"closed","sticky":false,"template":"","format":"standard","meta":{"footnotes":""},"categories":[18295],"tags":[],"class_list":["post-128724","post","type-post","status-publish","format-standard","has-post-thumbnail","","category-sana-video"],"_links":{"self":[{"href":"https:\/\/archive.sana.sy\/tr\/index.php?rest_route=\/wp\/v2\/posts\/128724","targetHints":{"allow":["GET"]}}],"collection":[{"href":"https:\/\/archive.sana.sy\/tr\/index.php?rest_route=\/wp\/v2\/posts"}],"about":[{"href":"https:\/\/archive.sana.sy\/tr\/index.php?rest_route=\/wp\/v2\/types\/post"}],"author":[{"embeddable":true,"href":"https:\/\/archive.sana.sy\/tr\/index.php?rest_route=\/wp\/v2\/users\/1"}],"replies":[{"embeddable":true,"href":"https:\/\/archive.sana.sy\/tr\/index.php?rest_route=%2Fwp%2Fv2%2Fcomments&post=128724"}],"version-history":[{"count":0,"href":"https:\/\/archive.sana.sy\/tr\/index.php?rest_route=\/wp\/v2\/posts\/128724\/revisions"}],"wp:featuredmedia":[{"embeddable":true,"href":"https:\/\/archive.sana.sy\/tr\/index.php?rest_route=\/wp\/v2\/media\/128728"}],"wp:attachment":[{"href":"https:\/\/archive.sana.sy\/tr\/index.php?rest_route=%2Fwp%2Fv2%2Fmedia&parent=128724"}],"wp:term":[{"taxonomy":"category","embeddable":true,"href":"https:\/\/archive.sana.sy\/tr\/index.php?rest_route=%2Fwp%2Fv2%2Fcategories&post=128724"},{"taxonomy":"post_tag","embeddable":true,"href":"https:\/\/archive.sana.sy\/tr\/index.php?rest_route=%2Fwp%2Fv2%2Ftags&post=128724"}],"curies":[{"name":"wp","href":"https:\/\/api.w.org\/{rel}","templated":true}]}}