{"id":128880,"date":"2017-11-13T14:55:27","date_gmt":"2017-11-13T12:55:27","guid":{"rendered":"http:\/\/www.sana.sy\/tr\/?p=128880"},"modified":"2017-11-14T09:23:59","modified_gmt":"2017-11-14T07:23:59","slug":"hasekede-insani-yardim-calismalari-yeniden-duzenlenecek","status":"publish","type":"post","link":"https:\/\/archive.sana.sy\/tr\/?p=128880","title":{"rendered":"Haseke\u2019de \u0130nsani Yard\u0131m \u00c7al\u0131\u015fmalar\u0131 Yeniden D\u00fczenlenecek"},"content":{"rendered":"<p>HASEKE \u2013 Haseke Valisi Cayiz el Musa bug\u00fcn Haseke\u2019de hay\u0131r cemiyetleri ve sivil toplum faaliyet m\u00fcd\u00fcrleriyle toplant\u0131s\u0131nda bu cemiyet ve faaliyetlerin g\u0131da ve daha ba\u015fka t\u00fcketim maddeleri da\u011f\u0131tmalar\u0131n\u0131 ikinci bir karara kadar yasaklad\u0131.<\/p>\n<p>Vali karar\u0131nda cemiyet ve sivil toplum faaliyetlerinin sadece un, ila\u00e7, engelli sandalyeleri ve engelli ekipmanlar\u0131n\u0131n yan\u0131 s\u0131ra sa\u011fl\u0131k ve e\u011fitim gereksinimlerini da\u011f\u0131tmalar\u0131na izin veriyor. Kararda ayn\u0131 zamanda hastanelerde ameliyat \u00fccretlerini kar\u015f\u0131lama gibi yard\u0131mlarda bulunmalar\u0131na izin verildi.<\/p>\n<p>Vali Musa karar\u0131nda insani yard\u0131m da\u011f\u0131tma \u00e7al\u0131\u015fmalar\u0131 i\u00e7in yak\u0131n bir s\u00fcre i\u00e7inde K\u0131z\u0131lay \u00d6rg\u00fct\u00fc arac\u0131l\u0131\u011f\u0131 ile d\u00fczenli ve koordinasyonlu bir \u00e7al\u0131\u015fma plan\u0131 haz\u0131rlanaca\u011f\u0131na vurgu yaparken, yard\u0131mlar\u0131n fiilen ihtiya\u00e7 sahiplerine da\u011f\u0131t\u0131lmas\u0131 ve bu y\u00f6ndeki \u00e7al\u0131\u015fmalar\u0131n geli\u015fig\u00fczel olmamas\u0131n\u0131n garantilenece\u011fini kaydetti.<\/p>\n","protected":false},"excerpt":{"rendered":"<p>HASEKE \u2013 Haseke Valisi Cayiz el Musa bug\u00fcn Haseke\u2019de hay\u0131r cemiyetleri ve sivil toplum faaliyet m\u00fcd\u00fcrleriyle toplant\u0131s\u0131nda bu cemiyet ve faaliyetlerin g\u0131da ve daha ba\u015fka t\u00fcketim maddeleri da\u011f\u0131tmalar\u0131n\u0131 ikinci bir karara kadar yasaklad\u0131. Vali karar\u0131nda cemiyet ve sivil toplum faaliyetlerinin sadece un, ila\u00e7, engelli sandalyeleri ve engelli ekipmanlar\u0131n\u0131n yan\u0131 s\u0131ra sa\u011fl\u0131k ve e\u011fitim gereksinimlerini da\u011f\u0131tmalar\u0131na &hellip;<\/p>\n","protected":false},"author":1,"featured_media":128929,"comment_status":"closed","ping_status":"closed","sticky":false,"template":"","format":"standard","meta":{"footnotes":""},"categories":[479,17988,478],"tags":[25550,1140,20161,18448,19954,30016],"class_list":["post-128880","post","type-post","status-publish","format-standard","has-post-thumbnail","","category-haberler-yerel","category-son-haberler","category-yerel","tag-cayiz-el-musa","tag-haseke","tag-haseke-valisi","tag-insani-yardim","tag-kamisli","tag-sivil-toplum-faaliyetleri"],"_links":{"self":[{"href":"https:\/\/archive.sana.sy\/tr\/index.php?rest_route=\/wp\/v2\/posts\/128880","targetHints":{"allow":["GET"]}}],"collection":[{"href":"https:\/\/archive.sana.sy\/tr\/index.php?rest_route=\/wp\/v2\/posts"}],"about":[{"href":"https:\/\/archive.sana.sy\/tr\/index.php?rest_route=\/wp\/v2\/types\/post"}],"author":[{"embeddable":true,"href":"https:\/\/archive.sana.sy\/tr\/index.php?rest_route=\/wp\/v2\/users\/1"}],"replies":[{"embeddable":true,"href":"https:\/\/archive.sana.sy\/tr\/index.php?rest_route=%2Fwp%2Fv2%2Fcomments&post=128880"}],"version-history":[{"count":0,"href":"https:\/\/archive.sana.sy\/tr\/index.php?rest_route=\/wp\/v2\/posts\/128880\/revisions"}],"wp:featuredmedia":[{"embeddable":true,"href":"https:\/\/archive.sana.sy\/tr\/index.php?rest_route=\/wp\/v2\/media\/128929"}],"wp:attachment":[{"href":"https:\/\/archive.sana.sy\/tr\/index.php?rest_route=%2Fwp%2Fv2%2Fmedia&parent=128880"}],"wp:term":[{"taxonomy":"category","embeddable":true,"href":"https:\/\/archive.sana.sy\/tr\/index.php?rest_route=%2Fwp%2Fv2%2Fcategories&post=128880"},{"taxonomy":"post_tag","embeddable":true,"href":"https:\/\/archive.sana.sy\/tr\/index.php?rest_route=%2Fwp%2Fv2%2Ftags&post=128880"}],"curies":[{"name":"wp","href":"https:\/\/api.w.org\/{rel}","templated":true}]}}