{"id":128925,"date":"2017-11-13T17:52:00","date_gmt":"2017-11-13T15:52:00","guid":{"rendered":"http:\/\/www.sana.sy\/tr\/?p=128925"},"modified":"2017-11-14T09:23:53","modified_gmt":"2017-11-14T07:23:53","slug":"suriyenin-butunlugunden-yanayiz","status":"publish","type":"post","link":"https:\/\/archive.sana.sy\/tr\/?p=128925","title":{"rendered":"Suriye\u2019nin B\u00fct\u00fcnl\u00fc\u011f\u00fcnden Yanay\u0131z"},"content":{"rendered":"<p>\u015eAM \u2013 ABD\u2019li aktivistlerden olu\u015fan heyetin ba\u015fkan\u0131 Marcus Southworth ABD\u2019nin Suriye\u2019ye y\u00f6nelik yanl\u0131\u015f siyasetine kar\u015f\u0131 bug\u00fcn Suriye\u2019ye bir ziyaret ba\u015flatt\u0131\u011f\u0131n\u0131 s\u00f6yledi.<\/p>\n<p>Southworth bu ziyaretin amac\u0131n\u0131n, ABD\u2019de kamuoyunun Suriye hakk\u0131ndaki g\u00f6r\u00fc\u015flerini de\u011fi\u015ftirmek ve ger\u00e7e\u011fi ta\u015f\u0131mak amac\u0131yla yap\u0131ld\u0131\u011f\u0131n\u0131 aktard\u0131.<\/p>\n<p>Southworth, ziyareti d\u00e2hilinde kendisine e\u015flik eden heyetle birlikte \u015eam\u2019da ter\u00f6r sald\u0131r\u0131lar\u0131 sonucunda yaralananlar\u0131 tedavi g\u00f6rd\u00fckleri hastanelerde ziyaret etmesi ard\u0131ndan Sa\u011fl\u0131k Bak\u0131n\u0131 Nizar Yaz\u0131c\u0131 ile bir araya geldi.<\/p>\n<p>Southworth Sa\u011fl\u0131k Bakan\u0131yla bir araya geldi\u011finde, ABD halk\u0131n\u0131n Suriye\u2019de ya\u015fanan durumla ilgili ger\u00e7ek bilgilere sahip olmad\u0131\u011f\u0131 i\u00e7in \u00fcz\u00fcnt\u00fcs\u00fcn\u00fc dile getirirken kendi ajans\u0131ndan ger\u00e7ekleri ula\u015ft\u0131raca\u011f\u0131n\u0131 s\u00f6yledi.<\/p>\n<p>Konu\u015fmas\u0131n\u0131n devam\u0131nda Amerika\u2019da ve Meksika\u2019da toplumsal hizmette \u00e7al\u0131\u015fan bir heyetle birlikte geldi\u011fini s\u00f6yledi.<\/p>\n<p>Konu\u015fmas\u0131n\u0131n devam\u0131nda, Suriye \u00fczerinde uygulanan ekonomik yapt\u0131r\u0131mlar\u0131n kald\u0131r\u0131lmas\u0131 \u00fczerine \u00e7al\u0131\u015facaklar\u0131n\u0131 ve her ne kadar farkl\u0131 d\u00fc\u015f\u00fcncelere sahip olunsa da diplomatik yolun kullan\u0131lmas\u0131 gerekti\u011fini s\u00f6yledi.<\/p>\n<p>Ayr\u0131ca Southworth, Suriye\u2019nin b\u00fct\u00fcnl\u00fc\u011f\u00fcnden yana oldu\u011funu aktar\u0131rken k\u00f6kl\u00fc tarihinin korunmas\u0131 gerekti\u011fini ve yap\u0131lan y\u0131k\u0131mlara kar\u015f\u0131 oldu\u011funu ve ger\u00e7ekleri bas\u0131n ve \u00e7e\u015fitli yollardan aktaracaklar\u0131n\u0131 s\u00f6yledi.<\/p>\n<p>Bu ziyarette ayr\u0131ca her iki \u00fclke halk\u0131n\u0131n birbirlerinin k\u00fclt\u00fcrlerini tan\u0131ma f\u0131rsat\u0131 yaratt\u0131\u011f\u0131n\u0131 ve Suriye\u2019de sa\u011fl\u0131k personelinin yaral\u0131lar\u0131 tedavi etme konusunda mucizeler yaratt\u0131klar\u0131n\u0131 ve onlardan bir \u00e7ok \u015fey \u00f6\u011frendiklerini s\u00f6yledi.<\/p>\n<p>Sa\u011fl\u0131k Bak\u0131n\u0131 Nizar, ekonomik yapt\u0131r\u0131mlar\u0131n yan\u0131nda radikal ter\u00f6ristlerin hastanelere sa\u011fl\u0131k ve ila\u00e7 fabrikalar\u0131na bulunduklar\u0131 sald\u0131r\u0131lar hakk\u0131nda bilgi aktard\u0131.<\/p>\n<p>Southworth g\u00f6r\u00fc\u015fmenin ard\u0131ndan yapt\u0131\u011f\u0131 bas\u0131n a\u00e7\u0131klamalar\u0131nda zor ko\u015fullara ra\u011fmen sa\u011fl\u0131k hizmetlerindeki ba\u015far\u0131lar\u0131 \u00f6verken, Suriye halk\u0131n\u0131n radikal ter\u00f6ristlere kar\u015f\u0131 verdi\u011fi m\u00fccadeleyi takdir etti\u011fini s\u00f6yledi.<\/p>\n","protected":false},"excerpt":{"rendered":"<p>\u015eAM \u2013 ABD\u2019li aktivistlerden olu\u015fan heyetin ba\u015fkan\u0131 Marcus Southworth ABD\u2019nin Suriye\u2019ye y\u00f6nelik yanl\u0131\u015f siyasetine kar\u015f\u0131 bug\u00fcn Suriye\u2019ye bir ziyaret ba\u015flatt\u0131\u011f\u0131n\u0131 s\u00f6yledi. Southworth bu ziyaretin amac\u0131n\u0131n, ABD\u2019de kamuoyunun Suriye hakk\u0131ndaki g\u00f6r\u00fc\u015flerini de\u011fi\u015ftirmek ve ger\u00e7e\u011fi ta\u015f\u0131mak amac\u0131yla yap\u0131ld\u0131\u011f\u0131n\u0131 aktard\u0131. Southworth, ziyareti d\u00e2hilinde kendisine e\u015flik eden heyetle birlikte \u015eam\u2019da ter\u00f6r sald\u0131r\u0131lar\u0131 sonucunda yaralananlar\u0131 tedavi g\u00f6rd\u00fckleri hastanelerde ziyaret etmesi &hellip;<\/p>\n","protected":false},"author":1,"featured_media":128932,"comment_status":"closed","ping_status":"closed","sticky":false,"template":"","format":"standard","meta":{"footnotes":""},"categories":[479,17988,478],"tags":[1381,33257,33255,33256,16591,22181,29910,23900],"class_list":["post-128925","post","type-post","status-publish","format-standard","has-post-thumbnail","","category-haberler-yerel","category-son-haberler","category-yerel","tag-abd","tag-ekonomik-yaptirim","tag-saglik-bakani-nazir-yazici","tag-southworth","tag-suriye","tag-suriyeliler","tag-yaralilar","tag-ziyaret"],"_links":{"self":[{"href":"https:\/\/archive.sana.sy\/tr\/index.php?rest_route=\/wp\/v2\/posts\/128925","targetHints":{"allow":["GET"]}}],"collection":[{"href":"https:\/\/archive.sana.sy\/tr\/index.php?rest_route=\/wp\/v2\/posts"}],"about":[{"href":"https:\/\/archive.sana.sy\/tr\/index.php?rest_route=\/wp\/v2\/types\/post"}],"author":[{"embeddable":true,"href":"https:\/\/archive.sana.sy\/tr\/index.php?rest_route=\/wp\/v2\/users\/1"}],"replies":[{"embeddable":true,"href":"https:\/\/archive.sana.sy\/tr\/index.php?rest_route=%2Fwp%2Fv2%2Fcomments&post=128925"}],"version-history":[{"count":0,"href":"https:\/\/archive.sana.sy\/tr\/index.php?rest_route=\/wp\/v2\/posts\/128925\/revisions"}],"wp:featuredmedia":[{"embeddable":true,"href":"https:\/\/archive.sana.sy\/tr\/index.php?rest_route=\/wp\/v2\/media\/128932"}],"wp:attachment":[{"href":"https:\/\/archive.sana.sy\/tr\/index.php?rest_route=%2Fwp%2Fv2%2Fmedia&parent=128925"}],"wp:term":[{"taxonomy":"category","embeddable":true,"href":"https:\/\/archive.sana.sy\/tr\/index.php?rest_route=%2Fwp%2Fv2%2Fcategories&post=128925"},{"taxonomy":"post_tag","embeddable":true,"href":"https:\/\/archive.sana.sy\/tr\/index.php?rest_route=%2Fwp%2Fv2%2Ftags&post=128925"}],"curies":[{"name":"wp","href":"https:\/\/api.w.org\/{rel}","templated":true}]}}