{"id":128935,"date":"2017-11-13T19:42:58","date_gmt":"2017-11-13T17:42:58","guid":{"rendered":"http:\/\/www.sana.sy\/tr\/?p=128935"},"modified":"2017-11-14T09:23:46","modified_gmt":"2017-11-14T07:23:46","slug":"ulusal-diyaloga-haziriz","status":"publish","type":"post","link":"https:\/\/archive.sana.sy\/tr\/?p=128935","title":{"rendered":"Ulusal Diyaloga Haz\u0131r\u0131z"},"content":{"rendered":"<p>\u015eAM \u2013 Sosyalist Arap el Baas Partisi ve Vak\u0131flar Bakanl\u0131\u011f\u0131n\u0131n i\u015fbirli\u011fi ile \u201cSuriye Ulusal Topluluk Diyalogu\u201d ad\u0131 alt\u0131nda bir forum d\u00fczenlendi<\/p>\n<p>Forumda Sosyalist Arap el Baas Partisi Genel Sekreter Yard\u0131mc\u0131s\u0131 Hilal el Hilal yapt\u0131\u011f\u0131 konu\u015fmada, krizin ba\u015flang\u0131c\u0131ndan bu yana Suriye y\u00f6netiminin, kan\u0131n ak\u0131t\u0131lmas\u0131na son verilmesi i\u00e7in ulusal diyalogdan yana oldu\u011funu ve ulusun b\u00fct\u00fcnl\u00fc\u011f\u00fc ve egemenli\u011fini koruyan her t\u00fcrl\u00fc \u00f6neriye a\u00e7\u0131k oldu\u011funa dikkat \u00e7ekti.<\/p>\n<p>Vak\u0131flar Bakan\u0131 Muhammed Abd\u00fcsettar el Seyyid ise bu t\u00fcr forumlar\u0131n rol\u00fcn\u00fcn, toplumsal konular\u0131n t\u00fcm\u00fcnde diyalog ve tart\u0131\u015fma kanallar\u0131 a\u00e7t\u0131\u011f\u0131 i\u00e7in \u00e7ok \u00f6nemli oldu\u011funu aktard\u0131.<\/p>\n<p>Enformasyon Bakan\u0131 Muhammed Ramiz Terc\u00fcman da yapt\u0131\u011f\u0131 konu\u015fmada, toplumun in\u015fas\u0131 ve \u00fclkenin gelece\u011fini \u00e7izmek ve \u015fekillendirmek i\u00e7in forum\u2019un temel bir ara\u00e7 oldu\u011funun alt\u0131n\u0131 \u00e7izdi.<\/p>\n","protected":false},"excerpt":{"rendered":"<p>\u015eAM \u2013 Sosyalist Arap el Baas Partisi ve Vak\u0131flar Bakanl\u0131\u011f\u0131n\u0131n i\u015fbirli\u011fi ile \u201cSuriye Ulusal Topluluk Diyalogu\u201d ad\u0131 alt\u0131nda bir forum d\u00fczenlendi Forumda Sosyalist Arap el Baas Partisi Genel Sekreter Yard\u0131mc\u0131s\u0131 Hilal el Hilal yapt\u0131\u011f\u0131 konu\u015fmada, krizin ba\u015flang\u0131c\u0131ndan bu yana Suriye y\u00f6netiminin, kan\u0131n ak\u0131t\u0131lmas\u0131na son verilmesi i\u00e7in ulusal diyalogdan yana oldu\u011funu ve ulusun b\u00fct\u00fcnl\u00fc\u011f\u00fc ve egemenli\u011fini &hellip;<\/p>\n","protected":false},"author":1,"featured_media":128936,"comment_status":"closed","ping_status":"closed","sticky":false,"template":"","format":"standard","meta":{"footnotes":""},"categories":[479,17988,478],"tags":[21336,33258,16591,22181,6624,33259],"class_list":["post-128935","post","type-post","status-publish","format-standard","has-post-thumbnail","","category-haberler-yerel","category-son-haberler","category-yerel","tag-baas-partisi","tag-hilal-al-hilal","tag-suriye","tag-suriyeliler","tag-ulusal-diyalog","tag-vakif-ve-diyanet-isleri"],"_links":{"self":[{"href":"https:\/\/archive.sana.sy\/tr\/index.php?rest_route=\/wp\/v2\/posts\/128935","targetHints":{"allow":["GET"]}}],"collection":[{"href":"https:\/\/archive.sana.sy\/tr\/index.php?rest_route=\/wp\/v2\/posts"}],"about":[{"href":"https:\/\/archive.sana.sy\/tr\/index.php?rest_route=\/wp\/v2\/types\/post"}],"author":[{"embeddable":true,"href":"https:\/\/archive.sana.sy\/tr\/index.php?rest_route=\/wp\/v2\/users\/1"}],"replies":[{"embeddable":true,"href":"https:\/\/archive.sana.sy\/tr\/index.php?rest_route=%2Fwp%2Fv2%2Fcomments&post=128935"}],"version-history":[{"count":0,"href":"https:\/\/archive.sana.sy\/tr\/index.php?rest_route=\/wp\/v2\/posts\/128935\/revisions"}],"wp:featuredmedia":[{"embeddable":true,"href":"https:\/\/archive.sana.sy\/tr\/index.php?rest_route=\/wp\/v2\/media\/128936"}],"wp:attachment":[{"href":"https:\/\/archive.sana.sy\/tr\/index.php?rest_route=%2Fwp%2Fv2%2Fmedia&parent=128935"}],"wp:term":[{"taxonomy":"category","embeddable":true,"href":"https:\/\/archive.sana.sy\/tr\/index.php?rest_route=%2Fwp%2Fv2%2Fcategories&post=128935"},{"taxonomy":"post_tag","embeddable":true,"href":"https:\/\/archive.sana.sy\/tr\/index.php?rest_route=%2Fwp%2Fv2%2Ftags&post=128935"}],"curies":[{"name":"wp","href":"https:\/\/api.w.org\/{rel}","templated":true}]}}