{"id":128952,"date":"2017-11-13T20:06:52","date_gmt":"2017-11-13T18:06:52","guid":{"rendered":"http:\/\/www.sana.sy\/tr\/?p=128952"},"modified":"2017-11-14T09:23:41","modified_gmt":"2017-11-14T07:23:41","slug":"irak-takimiyla-berabere-kaldik","status":"publish","type":"post","link":"https:\/\/archive.sana.sy\/tr\/?p=128952","title":{"rendered":"Irak Tak\u0131m\u0131yla Berabere Kald\u0131k"},"content":{"rendered":"<p>IRAK\u2013 Futbol olimpiyat tak\u0131m\u0131m\u0131z Asya kupas\u0131 i\u00e7in ma\u00e7lara haz\u0131rl\u0131k mahiyetinde Irak\u2019\u0131n Kerbala Sahas\u0131nda oynanan ma\u00e7ta Irak tak\u0131m\u0131yla berabere kald\u0131.<\/p>\n<p>Irak tak\u0131m\u0131 ilk \u00e7eyrek saatte kalemize ciddi h\u00fccumlarda bulundu. \u00a0Kar\u015f\u0131l\u0131kl\u0131 h\u00fccumlar sonucunda tak\u0131m\u0131m\u0131z 19 dakikada gol\u00fc att\u0131. Irak tak\u0131m\u0131 ise savunma oyuncumuzun hatas\u0131 y\u00fcz\u00fcnden 42 dakikada durumu e\u015fitledi.<br \/>\nTak\u0131m\u0131m\u0131z son dakikalara kadar \u00f6ne ge\u00e7mek i\u00e7in ciddi h\u00fccumlarda bulunmas\u0131na ra\u011fmen durum ayn\u0131 kald\u0131.<\/p>\n","protected":false},"excerpt":{"rendered":"<p>IRAK\u2013 Futbol olimpiyat tak\u0131m\u0131m\u0131z Asya kupas\u0131 i\u00e7in ma\u00e7lara haz\u0131rl\u0131k mahiyetinde Irak\u2019\u0131n Kerbala Sahas\u0131nda oynanan ma\u00e7ta Irak tak\u0131m\u0131yla berabere kald\u0131. Irak tak\u0131m\u0131 ilk \u00e7eyrek saatte kalemize ciddi h\u00fccumlarda bulundu. \u00a0Kar\u015f\u0131l\u0131kl\u0131 h\u00fccumlar sonucunda tak\u0131m\u0131m\u0131z 19 dakikada gol\u00fc att\u0131. Irak tak\u0131m\u0131 ise savunma oyuncumuzun hatas\u0131 y\u00fcz\u00fcnden 42 dakikada durumu e\u015fitledi. Tak\u0131m\u0131m\u0131z son dakikalara kadar \u00f6ne ge\u00e7mek i\u00e7in ciddi &hellip;<\/p>\n","protected":false},"author":1,"featured_media":128953,"comment_status":"closed","ping_status":"closed","sticky":false,"template":"","format":"standard","meta":{"footnotes":""},"categories":[498,17988,496],"tags":[33260,26998,1978,16591,27728,22181],"class_list":["post-128952","post","type-post","status-publish","format-standard","has-post-thumbnail","","category-dunya-turnuvalari","category-son-haberler","category-spor","tag-asya-kupasi-hazirlik","tag-futbol","tag-irak","tag-suriye","tag-suriye-takimi","tag-suriyeliler"],"_links":{"self":[{"href":"https:\/\/archive.sana.sy\/tr\/index.php?rest_route=\/wp\/v2\/posts\/128952","targetHints":{"allow":["GET"]}}],"collection":[{"href":"https:\/\/archive.sana.sy\/tr\/index.php?rest_route=\/wp\/v2\/posts"}],"about":[{"href":"https:\/\/archive.sana.sy\/tr\/index.php?rest_route=\/wp\/v2\/types\/post"}],"author":[{"embeddable":true,"href":"https:\/\/archive.sana.sy\/tr\/index.php?rest_route=\/wp\/v2\/users\/1"}],"replies":[{"embeddable":true,"href":"https:\/\/archive.sana.sy\/tr\/index.php?rest_route=%2Fwp%2Fv2%2Fcomments&post=128952"}],"version-history":[{"count":0,"href":"https:\/\/archive.sana.sy\/tr\/index.php?rest_route=\/wp\/v2\/posts\/128952\/revisions"}],"wp:featuredmedia":[{"embeddable":true,"href":"https:\/\/archive.sana.sy\/tr\/index.php?rest_route=\/wp\/v2\/media\/128953"}],"wp:attachment":[{"href":"https:\/\/archive.sana.sy\/tr\/index.php?rest_route=%2Fwp%2Fv2%2Fmedia&parent=128952"}],"wp:term":[{"taxonomy":"category","embeddable":true,"href":"https:\/\/archive.sana.sy\/tr\/index.php?rest_route=%2Fwp%2Fv2%2Fcategories&post=128952"},{"taxonomy":"post_tag","embeddable":true,"href":"https:\/\/archive.sana.sy\/tr\/index.php?rest_route=%2Fwp%2Fv2%2Ftags&post=128952"}],"curies":[{"name":"wp","href":"https:\/\/api.w.org\/{rel}","templated":true}]}}