{"id":129032,"date":"2017-11-14T14:55:04","date_gmt":"2017-11-14T12:55:04","guid":{"rendered":"http:\/\/www.sana.sy\/tr\/?p=129032"},"modified":"2017-11-14T15:03:02","modified_gmt":"2017-11-14T13:03:02","slug":"suriyenin-topraklarinda-bulunan-amerikan-guclerinin-derhal-ve-kosulsuz-bir-sekilde-cekilmelerini-bir-kez-daha-talep-ettigini-belirten-yetkili-kaynak-abd-guclerinin-suriyenin-egemenligine-toprakl","status":"publish","type":"post","link":"https:\/\/archive.sana.sy\/tr\/?p=129032","title":{"rendered":"Suriye&#8217;nin topraklar\u0131nda bulunan Amerikan g\u00fc\u00e7lerinin derhal ve ko\u015fulsuz bir \u015fekilde \u00e7ekilmelerini bir kez daha talep etti\u011fini belirten yetkili kaynak; ABD g\u00fc\u00e7lerinin Suriye&#8217;nin egemenli\u011fine, topraklar\u0131n\u0131n ve halk\u0131n\u0131n selametine a\u00e7\u0131k bir sald\u0131r\u0131 olup bu nitelikte team\u00fcl g\u00f6rece\u011fini ifade etti."},"content":{"rendered":"<p>Suriye&#8217;nin topraklar\u0131nda bulunan Amerikan g\u00fc\u00e7lerinin derhal ve ko\u015fulsuz bir \u015fekilde \u00e7ekilmelerini bir kez daha talep etti\u011fini belirten yetkili kaynak; ABD g\u00fc\u00e7lerinin Suriye&#8217;nin egemenli\u011fine, topraklar\u0131n\u0131n ve halk\u0131n\u0131n selametine a\u00e7\u0131k bir sald\u0131r\u0131 olup bu nitelikte team\u00fcl g\u00f6rece\u011fini ifade etti.<\/p>\n","protected":false},"excerpt":{"rendered":"<p>Suriye&#8217;nin topraklar\u0131nda bulunan Amerikan g\u00fc\u00e7lerinin derhal ve ko\u015fulsuz bir \u015fekilde \u00e7ekilmelerini bir kez daha talep etti\u011fini belirten yetkili kaynak; ABD g\u00fc\u00e7lerinin Suriye&#8217;nin egemenli\u011fine, topraklar\u0131n\u0131n ve halk\u0131n\u0131n selametine a\u00e7\u0131k bir sald\u0131r\u0131 olup bu nitelikte team\u00fcl g\u00f6rece\u011fini ifade etti.<\/p>\n","protected":false},"author":1,"featured_media":0,"comment_status":"closed","ping_status":"closed","sticky":false,"template":"","format":"standard","meta":{"footnotes":""},"categories":[17991],"tags":[],"class_list":["post-129032","post","type-post","status-publish","format-standard","","category-son-dakika"],"_links":{"self":[{"href":"https:\/\/archive.sana.sy\/tr\/index.php?rest_route=\/wp\/v2\/posts\/129032","targetHints":{"allow":["GET"]}}],"collection":[{"href":"https:\/\/archive.sana.sy\/tr\/index.php?rest_route=\/wp\/v2\/posts"}],"about":[{"href":"https:\/\/archive.sana.sy\/tr\/index.php?rest_route=\/wp\/v2\/types\/post"}],"author":[{"embeddable":true,"href":"https:\/\/archive.sana.sy\/tr\/index.php?rest_route=\/wp\/v2\/users\/1"}],"replies":[{"embeddable":true,"href":"https:\/\/archive.sana.sy\/tr\/index.php?rest_route=%2Fwp%2Fv2%2Fcomments&post=129032"}],"version-history":[{"count":0,"href":"https:\/\/archive.sana.sy\/tr\/index.php?rest_route=\/wp\/v2\/posts\/129032\/revisions"}],"wp:attachment":[{"href":"https:\/\/archive.sana.sy\/tr\/index.php?rest_route=%2Fwp%2Fv2%2Fmedia&parent=129032"}],"wp:term":[{"taxonomy":"category","embeddable":true,"href":"https:\/\/archive.sana.sy\/tr\/index.php?rest_route=%2Fwp%2Fv2%2Fcategories&post=129032"},{"taxonomy":"post_tag","embeddable":true,"href":"https:\/\/archive.sana.sy\/tr\/index.php?rest_route=%2Fwp%2Fv2%2Ftags&post=129032"}],"curies":[{"name":"wp","href":"https:\/\/api.w.org\/{rel}","templated":true}]}}