{"id":129191,"date":"2017-11-16T13:30:44","date_gmt":"2017-11-16T11:30:44","guid":{"rendered":"http:\/\/www.sana.sy\/tr\/?p=129191"},"modified":"2017-11-17T10:28:40","modified_gmt":"2017-11-17T08:28:40","slug":"bakanlik-bu-baglamda-yogun-cabalarda-bulunuyor","status":"publish","type":"post","link":"https:\/\/archive.sana.sy\/tr\/?p=129191","title":{"rendered":"Bakanl\u0131k Bu Ba\u011flamda Yo\u011fun \u00c7abalarda Bulunuyor"},"content":{"rendered":"<p>MOSKOVA \u2013 D\u00fcnya Sa\u011fl\u0131k \u00d6rg\u00fct\u00fcn\u00fcn Moskova&#8217;da d\u00fczenledi\u011fi ve t\u00fcm d\u00fcnyada t\u00fcberk\u00fcloz (verem) hastal\u0131\u011f\u0131n\u0131n yok edilmesini ama\u00e7layan 1. Uluslararas\u0131 Sa\u011fl\u0131k Bakanlar\u0131 Konferans\u0131 Sa\u011fl\u0131k Bakan\u0131 Nizar Yaz\u0131c\u0131 ba\u015fkanl\u0131\u011f\u0131ndaki Suriye heyetinin kat\u0131l\u0131m\u0131yla faaliyetlerine ba\u015flad\u0131.<\/p>\n<p>\u0130ki g\u00fcn s\u00fcreyle d\u00fczenlenen konferansta t\u00fcberk\u00fcloz hastal\u0131\u011f\u0131n\u0131n t\u00fcm d\u00fcnyadan tam olarak yok edilmesine ili\u015fkin strateji ve planlar\u0131n hayata ge\u00e7irilmesini h\u0131zland\u0131rma olanaklar\u0131na odaklan\u0131yor.<\/p>\n<p>Konferans faaliyetleri konusunda bas\u0131na a\u00e7\u0131klama yapan Bakan Yaz\u0131c\u0131; Suriye&#8217;nin ya\u015fad\u0131\u011f\u0131 sava\u015f ko\u015fullar\u0131 ve yapt\u0131r\u0131mlara ra\u011fmen t\u00fcberk\u00fcloz ile m\u00fccadelede gayet \u00f6nemli ve ileri d\u00fczeyde ba\u015far\u0131lar kaydetti\u011fine dikkat \u00e7ekti.<\/p>\n<p>Bakan Yaz\u0131c\u0131 uluslar aras\u0131 kurum ve \u00f6rg\u00fctlerin takdirini kazanan bu sonu\u00e7lar do\u011frultusunda Suriye&#8217;nin t\u00fcberk\u00fcloz hastal\u0131\u011f\u0131na kar\u015f\u0131 ald\u0131\u011f\u0131 icraatlar neticesinde uluslar aras\u0131 makul rakamlar elde etti\u011fini s\u00f6yledi.<\/p>\n<p>Bu ba\u011flamda bakanl\u0131\u011f\u0131n harcad\u0131\u011f\u0131 \u00e7abalara \u0131\u015f\u0131k tutan Yaz\u0131c\u0131; K\u0131z\u0131lay ve K\u0131z\u0131lha\u00e7 \u00f6rg\u00fctleri ile i\u015fbirli\u011fi i\u00e7inde ula\u015f\u0131m\u0131 zor olan ya da s\u0131cak b\u00f6lgelerde bile bu ba\u011flamda yo\u011fun \u00e7al\u0131\u015fmalarda bulundu\u011funu vurgulad\u0131.<\/p>\n<p>Yaz\u0131c\u0131 bakanl\u0131\u011f\u0131n yo\u011fun \u00e7al\u0131\u015fmalar\u0131 ve t\u00fcberk\u00fcloz erken te\u015fhisin yan\u0131 s\u0131ra hastalar\u0131n tedavisini \u00fccretsiz olarak s\u00fcrd\u00fcrmesi neticesinde Suriye genelinde bu hastal\u0131\u011fa yakalananlar\u0131n say\u0131s\u0131nda ciddi bir azalma kaydedildi\u011fini ifade etti.<\/p>\n","protected":false},"excerpt":{"rendered":"<p>MOSKOVA \u2013 D\u00fcnya Sa\u011fl\u0131k \u00d6rg\u00fct\u00fcn\u00fcn Moskova&#8217;da d\u00fczenledi\u011fi ve t\u00fcm d\u00fcnyada t\u00fcberk\u00fcloz (verem) hastal\u0131\u011f\u0131n\u0131n yok edilmesini ama\u00e7layan 1. Uluslararas\u0131 Sa\u011fl\u0131k Bakanlar\u0131 Konferans\u0131 Sa\u011fl\u0131k Bakan\u0131 Nizar Yaz\u0131c\u0131 ba\u015fkanl\u0131\u011f\u0131ndaki Suriye heyetinin kat\u0131l\u0131m\u0131yla faaliyetlerine ba\u015flad\u0131. \u0130ki g\u00fcn s\u00fcreyle d\u00fczenlenen konferansta t\u00fcberk\u00fcloz hastal\u0131\u011f\u0131n\u0131n t\u00fcm d\u00fcnyadan tam olarak yok edilmesine ili\u015fkin strateji ve planlar\u0131n hayata ge\u00e7irilmesini h\u0131zland\u0131rma olanaklar\u0131na odaklan\u0131yor. Konferans faaliyetleri &hellip;<\/p>\n","protected":false},"author":1,"featured_media":129195,"comment_status":"closed","ping_status":"closed","sticky":false,"template":"","format":"standard","meta":{"footnotes":""},"categories":[458,459,17988],"tags":[19095,17036,19684,4121,16591,22181,33288,33289,33286,33287],"class_list":["post-129191","post","type-post","status-publish","format-standard","has-post-thumbnail","","category-dunya1","category-haberler-arap-uluslararasi-politika","category-son-haberler","tag-dunya-saglik-orgutu","tag-moskova","tag-nizar-yazici","tag-saglik-bakani","tag-suriye","tag-suriyeliler","tag-tuberkuloz","tag-tuberkuloz-ile-mucadele","tag-verem-hastaligi","tag-veremle-mucadele"],"_links":{"self":[{"href":"https:\/\/archive.sana.sy\/tr\/index.php?rest_route=\/wp\/v2\/posts\/129191","targetHints":{"allow":["GET"]}}],"collection":[{"href":"https:\/\/archive.sana.sy\/tr\/index.php?rest_route=\/wp\/v2\/posts"}],"about":[{"href":"https:\/\/archive.sana.sy\/tr\/index.php?rest_route=\/wp\/v2\/types\/post"}],"author":[{"embeddable":true,"href":"https:\/\/archive.sana.sy\/tr\/index.php?rest_route=\/wp\/v2\/users\/1"}],"replies":[{"embeddable":true,"href":"https:\/\/archive.sana.sy\/tr\/index.php?rest_route=%2Fwp%2Fv2%2Fcomments&post=129191"}],"version-history":[{"count":0,"href":"https:\/\/archive.sana.sy\/tr\/index.php?rest_route=\/wp\/v2\/posts\/129191\/revisions"}],"wp:featuredmedia":[{"embeddable":true,"href":"https:\/\/archive.sana.sy\/tr\/index.php?rest_route=\/wp\/v2\/media\/129195"}],"wp:attachment":[{"href":"https:\/\/archive.sana.sy\/tr\/index.php?rest_route=%2Fwp%2Fv2%2Fmedia&parent=129191"}],"wp:term":[{"taxonomy":"category","embeddable":true,"href":"https:\/\/archive.sana.sy\/tr\/index.php?rest_route=%2Fwp%2Fv2%2Fcategories&post=129191"},{"taxonomy":"post_tag","embeddable":true,"href":"https:\/\/archive.sana.sy\/tr\/index.php?rest_route=%2Fwp%2Fv2%2Ftags&post=129191"}],"curies":[{"name":"wp","href":"https:\/\/api.w.org\/{rel}","templated":true}]}}