{"id":129200,"date":"2017-11-16T14:08:39","date_gmt":"2017-11-16T12:08:39","guid":{"rendered":"http:\/\/www.sana.sy\/tr\/?p=129200"},"modified":"2017-11-17T10:28:36","modified_gmt":"2017-11-17T08:28:36","slug":"muallimden-caferiye-mesaj","status":"publish","type":"post","link":"https:\/\/archive.sana.sy\/tr\/?p=129200","title":{"rendered":"Muallim\u2019den Caferi\u2019ye Mesaj"},"content":{"rendered":"<p>BA\u011eDAT \u2013 Ba\u015fbakan Yard\u0131mc\u0131s\u0131 D\u0131\u015fi\u015fleri ve Gurbetiler Bakan\u0131 Velid Muallim; Irak D\u0131\u015fi\u015fleri Bakan\u0131 \u0130brahim el Caferi\u2019ye bir mesaj g\u00f6nderdi.<\/p>\n<p>Suriye&#8217;nin Ba\u011fdat B\u00fcy\u00fckel\u00e7isi Sattam Cedan el Dendah\u2019\u0131n bug\u00fcn Caferi ile Ba\u011fdat\u2019ta bulundu\u011fu g\u00f6r\u00fc\u015fme s\u0131ras\u0131nda teslim etti\u011fi mesajda Muallim; b\u00f6lge ve halklar\u0131n\u0131 tehdit eden tehlikelere kar\u015f\u0131 meydan okumada Suriye ve Irak aras\u0131ndaki koordinasyon ve i\u015fbirli\u011finin devam etmesi gere\u011fini vurgulad\u0131. Muallim ayn\u0131 zamanda iki \u00fclke aras\u0131nda mevcut anla\u015fmalar\u0131n etkinle\u015ftirilmesi ve Suriye Irak karma komitesinin en k\u0131sa s\u00fcre i\u00e7inde toplanmas\u0131 gere\u011finin alt\u0131n\u0131 \u00e7izdi.<\/p>\n<p>Irak D\u0131\u015fi\u015fleri Bakanl\u0131\u011f\u0131 bas\u0131n ofisinin yay\u0131nlad\u0131\u011f\u0131 b\u00fcltende; Muallim mesaj\u0131nda ayr\u0131ca son olarak Irak\u2019ta meydana gelen depremde hayatlar\u0131n\u0131 kaybeden vatanda\u015flar i\u00e7in Irak halk\u0131, h\u00fck\u00fcmeti ve kurbanlar\u0131n ailelerine Suriye&#8217;nin taziyelerini aktard\u0131\u011f\u0131 ifade edildi.<\/p>\n","protected":false},"excerpt":{"rendered":"<p>BA\u011eDAT \u2013 Ba\u015fbakan Yard\u0131mc\u0131s\u0131 D\u0131\u015fi\u015fleri ve Gurbetiler Bakan\u0131 Velid Muallim; Irak D\u0131\u015fi\u015fleri Bakan\u0131 \u0130brahim el Caferi\u2019ye bir mesaj g\u00f6nderdi. Suriye&#8217;nin Ba\u011fdat B\u00fcy\u00fckel\u00e7isi Sattam Cedan el Dendah\u2019\u0131n bug\u00fcn Caferi ile Ba\u011fdat\u2019ta bulundu\u011fu g\u00f6r\u00fc\u015fme s\u0131ras\u0131nda teslim etti\u011fi mesajda Muallim; b\u00f6lge ve halklar\u0131n\u0131 tehdit eden tehlikelere kar\u015f\u0131 meydan okumada Suriye ve Irak aras\u0131ndaki koordinasyon ve i\u015fbirli\u011finin devam etmesi &hellip;<\/p>\n","protected":false},"author":1,"featured_media":129224,"comment_status":"closed","ping_status":"closed","sticky":false,"template":"","format":"standard","meta":{"footnotes":""},"categories":[458,459,17988],"tags":[19199,33291,16591,26284,4076,17051],"class_list":["post-129200","post","type-post","status-publish","format-standard","has-post-thumbnail","","category-dunya1","category-haberler-arap-uluslararasi-politika","category-son-haberler","tag-disisleri-bakani","tag-ibrahim-caferi","tag-suriye","tag-suriye-ve-irak","tag-terorle-mucadele","tag-velid-muallim"],"_links":{"self":[{"href":"https:\/\/archive.sana.sy\/tr\/index.php?rest_route=\/wp\/v2\/posts\/129200","targetHints":{"allow":["GET"]}}],"collection":[{"href":"https:\/\/archive.sana.sy\/tr\/index.php?rest_route=\/wp\/v2\/posts"}],"about":[{"href":"https:\/\/archive.sana.sy\/tr\/index.php?rest_route=\/wp\/v2\/types\/post"}],"author":[{"embeddable":true,"href":"https:\/\/archive.sana.sy\/tr\/index.php?rest_route=\/wp\/v2\/users\/1"}],"replies":[{"embeddable":true,"href":"https:\/\/archive.sana.sy\/tr\/index.php?rest_route=%2Fwp%2Fv2%2Fcomments&post=129200"}],"version-history":[{"count":0,"href":"https:\/\/archive.sana.sy\/tr\/index.php?rest_route=\/wp\/v2\/posts\/129200\/revisions"}],"wp:featuredmedia":[{"embeddable":true,"href":"https:\/\/archive.sana.sy\/tr\/index.php?rest_route=\/wp\/v2\/media\/129224"}],"wp:attachment":[{"href":"https:\/\/archive.sana.sy\/tr\/index.php?rest_route=%2Fwp%2Fv2%2Fmedia&parent=129200"}],"wp:term":[{"taxonomy":"category","embeddable":true,"href":"https:\/\/archive.sana.sy\/tr\/index.php?rest_route=%2Fwp%2Fv2%2Fcategories&post=129200"},{"taxonomy":"post_tag","embeddable":true,"href":"https:\/\/archive.sana.sy\/tr\/index.php?rest_route=%2Fwp%2Fv2%2Ftags&post=129200"}],"curies":[{"name":"wp","href":"https:\/\/api.w.org\/{rel}","templated":true}]}}