{"id":129217,"date":"2017-11-16T14:17:15","date_gmt":"2017-11-16T12:17:15","guid":{"rendered":"http:\/\/www.sana.sy\/tr\/?p=129217"},"modified":"2017-11-17T10:28:25","modified_gmt":"2017-11-17T08:28:25","slug":"sivillerde-sehit-ve-yaralilar-var","status":"publish","type":"post","link":"https:\/\/archive.sana.sy\/tr\/?p=129217","title":{"rendered":"Sivillerde \u015eehit ve Yaral\u0131lar Var"},"content":{"rendered":"<p>\u015eAM \u2013 Eli kanl\u0131 ter\u00f6r \u00f6rg\u00fctleri i\u015fverenleri d\u0131\u015f g\u00fc\u00e7lerin talimatlar\u0131yla sivil yerle\u015fim alanlar\u0131 ve masum vatanda\u015flara kar\u015f\u0131 \u00e7ocuk ya\u015fl\u0131 kad\u0131n demenden sald\u0131r\u0131lar\u0131n\u0131 ve b\u00f6ylelikle gerilimi azaltma anla\u015fmalar\u0131na ihlallerini s\u00fcrd\u00fcr\u00fcyor.<\/p>\n<p>\u015eam \u0130l Emniyet M\u00fcd\u00fcrl\u00fc\u011f\u00fcnde bir kaynak; Do\u011fu \u011euta\u2019da bulunan ter\u00f6ristlerin bug\u00fcn ba\u015fkent \u015eam ve k\u0131rsal\u0131n\u0131n muhtelif b\u00f6lgelerinde yerle\u015fim alanlar\u0131 ve masum sivil vatanda\u015flara geli\u015fig\u00fczel sald\u0131r\u0131lar\u0131n\u0131 s\u00fcrd\u00fcrd\u00fcklerini vurgulad\u0131.<\/p>\n<p>Kaynak ter\u00f6ristlerin ba\u015fkent \u015eam\u2019da Sebi Bahrat, Abbasiler ve Berze b\u00f6lgelerine f\u00fcze sald\u0131r\u0131lar\u0131 sonucunda 6 vatanda\u015f\u0131n \u015fehit d\u00fc\u015ft\u00fc\u011f\u00fcn\u00fc, 45 vatanda\u015f\u0131n da yaraland\u0131\u011f\u0131n\u0131 aktard\u0131.<\/p>\n<p>Ayr\u0131ca Homs k\u0131rsal\u0131nda ter\u00f6r \u00f6rg\u00fctlerinin havan topu sald\u0131r\u0131s\u0131nda 1 kad\u0131n \u015fehit d\u00fc\u015ft\u00fc<\/p>\n","protected":false},"excerpt":{"rendered":"<p>\u015eAM \u2013 Eli kanl\u0131 ter\u00f6r \u00f6rg\u00fctleri i\u015fverenleri d\u0131\u015f g\u00fc\u00e7lerin talimatlar\u0131yla sivil yerle\u015fim alanlar\u0131 ve masum vatanda\u015flara kar\u015f\u0131 \u00e7ocuk ya\u015fl\u0131 kad\u0131n demenden sald\u0131r\u0131lar\u0131n\u0131 ve b\u00f6ylelikle gerilimi azaltma anla\u015fmalar\u0131na ihlallerini s\u00fcrd\u00fcr\u00fcyor. \u015eam \u0130l Emniyet M\u00fcd\u00fcrl\u00fc\u011f\u00fcnde bir kaynak; Do\u011fu \u011euta\u2019da bulunan ter\u00f6ristlerin bug\u00fcn ba\u015fkent \u015eam ve k\u0131rsal\u0131n\u0131n muhtelif b\u00f6lgelerinde yerle\u015fim alanlar\u0131 ve masum sivil vatanda\u015flara geli\u015fig\u00fczel sald\u0131r\u0131lar\u0131n\u0131 s\u00fcrd\u00fcrd\u00fcklerini &hellip;<\/p>\n","protected":false},"author":1,"featured_media":129220,"comment_status":"closed","ping_status":"closed","sticky":false,"template":"","format":"standard","meta":{"footnotes":""},"categories":[479,575,17988,478],"tags":[17274,20848,24111,16591,19034,22181,20510],"class_list":["post-129217","post","type-post","status-publish","format-standard","has-post-thumbnail","","category-haberler-yerel","category-olaylar-ve-gercekler","category-son-haberler","category-yerel","tag-fuze-saldirisi","tag-sivilelre-saldiri","tag-sivilleri-bombaladi","tag-suriye","tag-suriyeli-muhalifler","tag-suriyeliler","tag-teror-saldirilari"],"_links":{"self":[{"href":"https:\/\/archive.sana.sy\/tr\/index.php?rest_route=\/wp\/v2\/posts\/129217","targetHints":{"allow":["GET"]}}],"collection":[{"href":"https:\/\/archive.sana.sy\/tr\/index.php?rest_route=\/wp\/v2\/posts"}],"about":[{"href":"https:\/\/archive.sana.sy\/tr\/index.php?rest_route=\/wp\/v2\/types\/post"}],"author":[{"embeddable":true,"href":"https:\/\/archive.sana.sy\/tr\/index.php?rest_route=\/wp\/v2\/users\/1"}],"replies":[{"embeddable":true,"href":"https:\/\/archive.sana.sy\/tr\/index.php?rest_route=%2Fwp%2Fv2%2Fcomments&post=129217"}],"version-history":[{"count":0,"href":"https:\/\/archive.sana.sy\/tr\/index.php?rest_route=\/wp\/v2\/posts\/129217\/revisions"}],"wp:featuredmedia":[{"embeddable":true,"href":"https:\/\/archive.sana.sy\/tr\/index.php?rest_route=\/wp\/v2\/media\/129220"}],"wp:attachment":[{"href":"https:\/\/archive.sana.sy\/tr\/index.php?rest_route=%2Fwp%2Fv2%2Fmedia&parent=129217"}],"wp:term":[{"taxonomy":"category","embeddable":true,"href":"https:\/\/archive.sana.sy\/tr\/index.php?rest_route=%2Fwp%2Fv2%2Fcategories&post=129217"},{"taxonomy":"post_tag","embeddable":true,"href":"https:\/\/archive.sana.sy\/tr\/index.php?rest_route=%2Fwp%2Fv2%2Ftags&post=129217"}],"curies":[{"name":"wp","href":"https:\/\/api.w.org\/{rel}","templated":true}]}}