{"id":129566,"date":"2017-11-20T11:08:05","date_gmt":"2017-11-20T09:08:05","guid":{"rendered":"http:\/\/www.sana.sy\/tr\/?p=129566"},"modified":"2017-11-21T14:34:58","modified_gmt":"2017-11-21T12:34:58","slug":"ceyruda-insani-yardim-konvoyu","status":"publish","type":"post","link":"https:\/\/archive.sana.sy\/tr\/?p=129566","title":{"rendered":"Ceyrud\u2019a \u0130nsani Yard\u0131m Konvoyu"},"content":{"rendered":"<p>\u015eAM \u2013 \u015eam k\u0131rsal\u0131n\u0131n kuzeyi Ceyrud Kasabas\u0131nda ihtiya\u00e7 sahibi ve ter\u00f6r ma\u011fduru ailelere da\u011f\u0131t\u0131lmak \u00fczere muhtelif t\u00fcr g\u0131da ve t\u00fcketim maddeleri ta\u015f\u0131yan 26 kamyondan ibaret insani yard\u0131m konvoyu g\u00f6nderildi.<\/p>\n<p>K\u0131z\u0131lay \u00d6rg\u00fct\u00fc yay\u0131nlad\u0131\u011f\u0131 b\u00fcltende; K\u0131z\u0131lha\u00e7 \u00d6rg\u00fct\u00fc ile i\u015fbirli\u011fi i\u00e7inde temin etti\u011fi bu insani yard\u0131mlar\u0131n derhal ahaliye da\u011f\u0131t\u0131lacaklar\u0131n\u0131 belirtti.<\/p>\n","protected":false},"excerpt":{"rendered":"<p>\u015eAM \u2013 \u015eam k\u0131rsal\u0131n\u0131n kuzeyi Ceyrud Kasabas\u0131nda ihtiya\u00e7 sahibi ve ter\u00f6r ma\u011fduru ailelere da\u011f\u0131t\u0131lmak \u00fczere muhtelif t\u00fcr g\u0131da ve t\u00fcketim maddeleri ta\u015f\u0131yan 26 kamyondan ibaret insani yard\u0131m konvoyu g\u00f6nderildi. K\u0131z\u0131lay \u00d6rg\u00fct\u00fc yay\u0131nlad\u0131\u011f\u0131 b\u00fcltende; K\u0131z\u0131lha\u00e7 \u00d6rg\u00fct\u00fc ile i\u015fbirli\u011fi i\u00e7inde temin etti\u011fi bu insani yard\u0131mlar\u0131n derhal ahaliye da\u011f\u0131t\u0131lacaklar\u0131n\u0131 belirtti.<\/p>\n","protected":false},"author":1,"featured_media":129570,"comment_status":"closed","ping_status":"closed","sticky":false,"template":"","format":"standard","meta":{"footnotes":""},"categories":[479,541,17988,538,478],"tags":[18448,18492,18493,2755,2297,16591,22181],"class_list":["post-129566","post","type-post","status-publish","format-standard","has-post-thumbnail","","category-haberler-yerel","category-haberler","category-son-haberler","category-yasam","category-yerel","tag-insani-yardim","tag-kizilay","tag-kizilhac","tag-sam","tag-sam-kirsali","tag-suriye","tag-suriyeliler"],"_links":{"self":[{"href":"https:\/\/archive.sana.sy\/tr\/index.php?rest_route=\/wp\/v2\/posts\/129566","targetHints":{"allow":["GET"]}}],"collection":[{"href":"https:\/\/archive.sana.sy\/tr\/index.php?rest_route=\/wp\/v2\/posts"}],"about":[{"href":"https:\/\/archive.sana.sy\/tr\/index.php?rest_route=\/wp\/v2\/types\/post"}],"author":[{"embeddable":true,"href":"https:\/\/archive.sana.sy\/tr\/index.php?rest_route=\/wp\/v2\/users\/1"}],"replies":[{"embeddable":true,"href":"https:\/\/archive.sana.sy\/tr\/index.php?rest_route=%2Fwp%2Fv2%2Fcomments&post=129566"}],"version-history":[{"count":0,"href":"https:\/\/archive.sana.sy\/tr\/index.php?rest_route=\/wp\/v2\/posts\/129566\/revisions"}],"wp:featuredmedia":[{"embeddable":true,"href":"https:\/\/archive.sana.sy\/tr\/index.php?rest_route=\/wp\/v2\/media\/129570"}],"wp:attachment":[{"href":"https:\/\/archive.sana.sy\/tr\/index.php?rest_route=%2Fwp%2Fv2%2Fmedia&parent=129566"}],"wp:term":[{"taxonomy":"category","embeddable":true,"href":"https:\/\/archive.sana.sy\/tr\/index.php?rest_route=%2Fwp%2Fv2%2Fcategories&post=129566"},{"taxonomy":"post_tag","embeddable":true,"href":"https:\/\/archive.sana.sy\/tr\/index.php?rest_route=%2Fwp%2Fv2%2Ftags&post=129566"}],"curies":[{"name":"wp","href":"https:\/\/api.w.org\/{rel}","templated":true}]}}