{"id":12958,"date":"2014-10-15T14:45:03","date_gmt":"2014-10-15T11:45:03","guid":{"rendered":"http:\/\/www.sana.sy\/tr\/?p=12958"},"modified":"2014-10-15T14:46:34","modified_gmt":"2014-10-15T11:46:34","slug":"bastan-beri-ustune-dusen-sorumlulugu-ustlenmedi","status":"publish","type":"post","link":"https:\/\/archive.sana.sy\/tr\/?p=12958","title":{"rendered":"Ba\u015ftan Beri \u00dcst\u00fcne D\u00fc\u015fen Sorumlulu\u011fu \u00dcstlenmedi"},"content":{"rendered":"<p>BA\u011eDAT \u2013 Irak Ba\u015fbakan\u0131 Haydar el Abbadi bug\u00fcn Suriye&#8217;nin Ba\u011fdat B\u00fcy\u00fckel\u00e7isi Sattam Cedan el Dendah ile b\u00f6lgenin tan\u0131k oldu\u011fu siyasi ve g\u00fcvenlik durumlar\u0131n\u0131n yan\u0131 s\u0131ra iki karde\u015f \u00fclke aras\u0131ndaki ili\u015fkileri peki\u015ftirme olanaklar\u0131n\u0131 masaya yat\u0131rd\u0131.<\/p>\n<p>Irak Ba\u015fbakanl\u0131\u011f\u0131nda Enformasyon Ofisi yay\u0131nlad\u0131\u011f\u0131 ve SANA\u2019n\u0131n bir n\u00fcshas\u0131n\u0131 ald\u0131\u011f\u0131 beyanda Abbadi g\u00f6r\u00fc\u015fmede b\u00f6lgenin tan\u0131k oldu\u011fu tehlikeye i\u015faret etti.<\/p>\n<p>G\u00f6r\u00fc\u015fmede Abbadi uluslar aras\u0131 toplumun ilk ba\u015ftan beri bir\u00e7ok kez tehlikesine dikkat \u00e7ekilen ter\u00f6r \u00f6rg\u00fctlerin te\u015fkil etti\u011fi tehdidin \u00f6n\u00fcne ge\u00e7mek i\u00e7in \u00fcst\u00fcne d\u00fc\u015fen sorumlulu\u011fu \u00fcstlenmedi\u011fini belirtti.<\/p>\n<p>B\u00f6lgeye ak\u0131n eden ter\u00f6ristler nedeniyle I\u015e\u0130D\u2019in yay\u0131ld\u0131\u011f\u0131n\u0131 ve kimi b\u00f6lgeleri kontrol\u00fcne ald\u0131\u011f\u0131n\u0131 ifade eden Abbadi; Irak\u2019\u0131n ter\u00f6re kar\u015f\u0131 zafer kararl\u0131l\u0131\u011f\u0131 ve azminde oldu\u011funu s\u00f6yledi.<\/p>\n<p>Kendi y\u00f6n\u00fcnden Suriye B\u00fcy\u00fckel\u00e7isi Dendah Ba\u015fbakan vail el halaki\u2019den Abbadi\u2019ye mesaj teslim etti\u011fini ifade ederken; Abbadi\u2019nin g\u00f6r\u00fc\u015fmede iki karde\u015f \u00fclke aras\u0131ndaki ili\u015fkileri muhtelif alanlarda geni\u015fletme ve derinle\u015ftirme \u00f6nemine vurgu yapt\u0131\u011f\u0131n\u0131 s\u00f6yledi.<\/p>\n<p>Dendah Suriye ve Irak\u2019\u0131n maruz kald\u0131klar\u0131 ter\u00f6r\u00fcn kayna\u011f\u0131, finansman\u0131, silahland\u0131ran\u0131, e\u011fiteni, \u00f6rg\u00fctleyeni ve y\u00f6neteninin bir oldu\u011funa dikkat \u00e7ekerek, dolay\u0131s\u0131yla bu ter\u00f6r\u00fcn tehlikesinde olan t\u00fcm devletlerin m\u00fccadelede i\u015fbirli\u011fi i\u00e7inde olmalar\u0131n\u0131n ka\u00e7\u0131n\u0131lmaz oldu\u011funu ifade etti.<\/p>\n","protected":false},"excerpt":{"rendered":"<p>BA\u011eDAT \u2013 Irak Ba\u015fbakan\u0131 Haydar el Abbadi bug\u00fcn Suriye&#8217;nin Ba\u011fdat B\u00fcy\u00fckel\u00e7isi Sattam Cedan el Dendah ile b\u00f6lgenin tan\u0131k oldu\u011fu siyasi ve g\u00fcvenlik durumlar\u0131n\u0131n yan\u0131 s\u0131ra iki karde\u015f \u00fclke aras\u0131ndaki ili\u015fkileri peki\u015ftirme olanaklar\u0131n\u0131 masaya yat\u0131rd\u0131. Irak Ba\u015fbakanl\u0131\u011f\u0131nda Enformasyon Ofisi yay\u0131nlad\u0131\u011f\u0131 ve SANA\u2019n\u0131n bir n\u00fcshas\u0131n\u0131 ald\u0131\u011f\u0131 beyanda Abbadi g\u00f6r\u00fc\u015fmede b\u00f6lgenin tan\u0131k oldu\u011fu tehlikeye i\u015faret etti. G\u00f6r\u00fc\u015fmede Abbadi &hellip;<\/p>\n","protected":false},"author":1,"featured_media":12961,"comment_status":"closed","ping_status":"closed","sticky":false,"template":"","format":"standard","meta":{"footnotes":""},"categories":[458,459,447],"tags":[3614,3619,3617,3615,3618,3616],"class_list":["post-12958","post","type-post","status-publish","format-standard","has-post-thumbnail","","category-dunya1","category-haberler-arap-uluslararasi-politika","category-politika","tag-bastan-beri-ustune-dusen-sorumlulugu-ustlenmedi-bagdat-irak-basbakani-haydar-el-abbadi-bugun-suriyenin-bagdat-buyukelcisi-sattam-cedan-el-dendah-ile-bolgenin-tanik-oldugu-siyasi-ve-guvenlik","tag-dolayisiyla-bu-terorun-tehlikesinde-olan-tum-devletlerin-mucadelede-isbirligi-icinde-olmalarinin-kacinilmaz-oldugunu-ifade-etti","tag-egiteni","tag-finansmani","tag-orgutleyeni-ve-yoneteninin-bir-olduguna-dikkat-cekerek","tag-silahlandirani"],"_links":{"self":[{"href":"https:\/\/archive.sana.sy\/tr\/index.php?rest_route=\/wp\/v2\/posts\/12958","targetHints":{"allow":["GET"]}}],"collection":[{"href":"https:\/\/archive.sana.sy\/tr\/index.php?rest_route=\/wp\/v2\/posts"}],"about":[{"href":"https:\/\/archive.sana.sy\/tr\/index.php?rest_route=\/wp\/v2\/types\/post"}],"author":[{"embeddable":true,"href":"https:\/\/archive.sana.sy\/tr\/index.php?rest_route=\/wp\/v2\/users\/1"}],"replies":[{"embeddable":true,"href":"https:\/\/archive.sana.sy\/tr\/index.php?rest_route=%2Fwp%2Fv2%2Fcomments&post=12958"}],"version-history":[{"count":0,"href":"https:\/\/archive.sana.sy\/tr\/index.php?rest_route=\/wp\/v2\/posts\/12958\/revisions"}],"wp:featuredmedia":[{"embeddable":true,"href":"https:\/\/archive.sana.sy\/tr\/index.php?rest_route=\/wp\/v2\/media\/12961"}],"wp:attachment":[{"href":"https:\/\/archive.sana.sy\/tr\/index.php?rest_route=%2Fwp%2Fv2%2Fmedia&parent=12958"}],"wp:term":[{"taxonomy":"category","embeddable":true,"href":"https:\/\/archive.sana.sy\/tr\/index.php?rest_route=%2Fwp%2Fv2%2Fcategories&post=12958"},{"taxonomy":"post_tag","embeddable":true,"href":"https:\/\/archive.sana.sy\/tr\/index.php?rest_route=%2Fwp%2Fv2%2Ftags&post=12958"}],"curies":[{"name":"wp","href":"https:\/\/api.w.org\/{rel}","templated":true}]}}