{"id":129600,"date":"2017-11-21T11:08:46","date_gmt":"2017-11-21T09:08:46","guid":{"rendered":"http:\/\/www.sana.sy\/tr\/?p=129600"},"modified":"2017-11-22T11:29:02","modified_gmt":"2017-11-22T09:29:02","slug":"socide-esad-putin-zirvesi","status":"publish","type":"post","link":"https:\/\/archive.sana.sy\/tr\/?p=129600","title":{"rendered":"So\u00e7i\u2019de Esad Putin Zirvesi"},"content":{"rendered":"<p>SO\u00c7\u0130 \u2013 Cumhurba\u015fkan\u0131 Be\u015f\u015far el Esad Rusya&#8217;n\u0131n So\u00e7i Kentine bulundu\u011fu i\u015f gezisinde Rusya Ba\u015fkan\u0131 Vladimir Putin ile askeri ve siyasi \u00fcst d\u00fczey yetkililerin kat\u0131ml\u0131yla bir zirve toplant\u0131s\u0131nda bulundu.<\/p>\n<p><a href=\"http:\/\/www.sana.sy\/tr\/wp-content\/uploads\/2017\/11\/1KMV4464.jpg\"><img loading=\"lazy\" decoding=\"async\" class=\"alignright wp-image-129603 size-medium\" src=\"http:\/\/www.sana.sy\/tr\/wp-content\/uploads\/2017\/11\/1KMV4464-300x246.jpg\" alt=\"\" width=\"300\" height=\"246\" srcset=\"https:\/\/archive.sana.sy\/tr\/wp-content\/uploads\/2017\/11\/1KMV4464-300x246.jpg 300w, https:\/\/archive.sana.sy\/tr\/wp-content\/uploads\/2017\/11\/1KMV4464-150x123.jpg 150w, https:\/\/archive.sana.sy\/tr\/wp-content\/uploads\/2017\/11\/1KMV4464-768x631.jpg 768w, https:\/\/archive.sana.sy\/tr\/wp-content\/uploads\/2017\/11\/1KMV4464-1024x841.jpg 1024w\" sizes=\"auto, (max-width: 300px) 100vw, 300px\" \/><\/a>Zirvede Ba\u015fkan Putin Suriye&#8217;de ter\u00f6re kar\u015f\u0131 sa\u011flanan ba\u015far\u0131lardan dolay\u0131 el Esad\u2019\u0131 kutlarken, Suriye halk\u0131n\u0131n ter\u00f6re kar\u015f\u0131 zafere yakla\u015ft\u0131\u011f\u0131n\u0131 belirtti.<\/p>\n<p>Putin el Esad ile zirvesinin; kendisi ile \u0130ran ve T\u00fcrkiye ba\u015fkanlar\u0131 ile zirvesi \u00f6ncesinde iki taraf aras\u0131nda koordinasyon ve g\u00f6r\u00fc\u015f al\u0131\u015fveri\u015fini hedefledi\u011fini kaydetti. Suriye&#8217;de \u015fu an \u00f6nemli olan noktan\u0131n siyasi s\u00fcrece ge\u00e7mek oldu\u011funa i\u015faret eden Putin; Rusya&#8217;n\u0131n de t\u00fcm taraflar ile bu y\u00f6nde hareket etti\u011fini kaydetti.<\/p>\n<p>Rusya Ba\u015fkan\u0131 Putin iki taraf aras\u0131nda koordinasyonun artt\u0131r\u0131lmas\u0131n\u0131n yan\u0131 s\u0131ra Suriye&#8217;de son durum ve gelecekteki ad\u0131mlar, siyasi s\u00fcrece ili\u015fkin \u00e7izdi\u011fi portre ve BM\u2019nin rol\u00fc konusunda Suriye y\u00f6netimi ilge g\u00f6r\u00fc\u015f al\u0131\u015fveri\u015finde bulunmas\u0131 a\u00e7\u0131s\u0131ndan ziyaretin zamanlamas\u0131 \u00f6nemine dikkat \u00e7ekti.<\/p>\n<p><a href=\"http:\/\/www.sana.sy\/tr\/wp-content\/uploads\/2017\/11\/02-\u0646\u062a.jpg\"><img loading=\"lazy\" decoding=\"async\" class=\"alignright wp-image-129605 size-medium\" src=\"http:\/\/www.sana.sy\/tr\/wp-content\/uploads\/2017\/11\/02-\u0646\u062a-300x214.jpg\" alt=\"\" width=\"300\" height=\"214\" srcset=\"https:\/\/archive.sana.sy\/tr\/wp-content\/uploads\/2017\/11\/02-\u0646\u062a-300x214.jpg 300w, https:\/\/archive.sana.sy\/tr\/wp-content\/uploads\/2017\/11\/02-\u0646\u062a-150x107.jpg 150w, https:\/\/archive.sana.sy\/tr\/wp-content\/uploads\/2017\/11\/02-\u0646\u062a-768x547.jpg 768w, https:\/\/archive.sana.sy\/tr\/wp-content\/uploads\/2017\/11\/02-\u0646\u062a-1024x730.jpg 1024w\" sizes=\"auto, (max-width: 300px) 100vw, 300px\" \/><\/a>Zirvede Cumhurba\u015fkan\u0131 el Esad; Rusya&#8217;n\u0131n ter\u00f6re kar\u015f\u0131 sava\u015f\u0131nda Suriye ordusunu destekleyen operasyonlar\u0131n\u0131n insani, siyasi ve askeri dahil bir\u00e7ok a\u00e7\u0131dan \u00f6nemli katk\u0131lar sa\u011flad\u0131\u011f\u0131n\u0131 ifade etti. Ter\u00f6re kar\u015f\u0131 sava\u015fta sa\u011flanan ba\u015far\u0131lar\u0131n, bir\u00e7ok b\u00f6lgede g\u00fcvenlik ve istikrar\u0131n sa\u011flanmas\u0131 ve b\u00f6ylelikle vatanda\u015flar\u0131n evlerine ve i\u015flerine d\u00f6nmeleriyle birlikte \u00fcretim ve normal ya\u015fam\u0131n yeniden sa\u011flanmas\u0131na yol a\u00e7t\u0131\u011f\u0131n\u0131 belirten el Esad, b\u00f6ylelikle bir\u00e7ok b\u00f6lgede insani durumlar\u0131n iyile\u015fti\u011fini belirti. El Esad ter\u00f6re kar\u015f\u0131 ba\u015far\u0131lar\u0131n siyasi s\u00fcreci de ilerletti\u011fine i\u015faret etti.<\/p>\n<p>Ter\u00f6rle m\u00fccadele dahili iki dost \u00fclkeyi ilgilendiren ve ortak \u00e7\u0131karlar\u0131na hizmet eden konularda y\u00fcksek d\u00fczeyde koordinasyon ve i\u015fbirli\u011finin \u00f6nemini vurgulayan el Esad; siyasi s\u00fcre\u00e7, ulusal diyalog konferans\u0131 ve yap\u0131lacak \u00fc\u00e7l\u00fc zirvede bu koordinasyonun gere\u011fini ifade etti.<\/p>\n<p><a href=\"http:\/\/www.sana.sy\/tr\/wp-content\/uploads\/2017\/11\/1KMV4426.jpg\"><img loading=\"lazy\" decoding=\"async\" class=\"alignright wp-image-129606 size-medium\" src=\"http:\/\/www.sana.sy\/tr\/wp-content\/uploads\/2017\/11\/1KMV4426-300x186.jpg\" alt=\"\" width=\"300\" height=\"186\" srcset=\"https:\/\/archive.sana.sy\/tr\/wp-content\/uploads\/2017\/11\/1KMV4426-300x186.jpg 300w, https:\/\/archive.sana.sy\/tr\/wp-content\/uploads\/2017\/11\/1KMV4426-150x93.jpg 150w, https:\/\/archive.sana.sy\/tr\/wp-content\/uploads\/2017\/11\/1KMV4426-768x475.jpg 768w, https:\/\/archive.sana.sy\/tr\/wp-content\/uploads\/2017\/11\/1KMV4426-1024x633.jpg 1024w\" sizes=\"auto, (max-width: 300px) 100vw, 300px\" \/><\/a>Cumhurba\u015fkan\u0131 el Esad ve Rusya Ba\u015fkan\u0131 Putin zirve toplant\u0131lar\u0131nda ayr\u0131ca So\u00e7i Kentinde d\u00fczenlenmesi beklenen Suriye Ulusal Diyalog Konferans\u0131na haz\u0131rl\u0131klar\u0131 da masaya yat\u0131rd\u0131.<\/p>\n<p>El Esad \u00f6zellikle ter\u00f6re kar\u015f\u0131 sa\u011flanan ba\u015far\u0131lardan sonra Suriye&#8217;nin siyasi s\u00fcreci ilerletecek herhangi bir giri\u015fimi destekledi\u011fini ifade ederken, bu s\u00fcrece destek i\u00e7in yerel ve uluslar aras\u0131 d\u00fczeyde kap\u0131lar\u0131n a\u00e7\u0131k oldu\u011funu kaydetti.<\/p>\n<p>S\u00f6zlerine devam eden el Esad; Suriye&#8217;nin egemenli\u011fi, toprak b\u00fct\u00fcnl\u00fc\u011f\u00fc ve Suriyelilerin ba\u011f\u0131ms\u0131z karar\u0131na dayanacak herhangi bir giri\u015fim ya da \u00e7abada Suriye&#8217;nin t\u00fcm devletlerle i\u015fbirli\u011fi i\u00e7inde olmaya haz\u0131r oldu\u011funu s\u00f6yledi.<\/p>\n<p><a href=\"http:\/\/www.sana.sy\/tr\/wp-content\/uploads\/2017\/11\/1KMV4387.jpg\"><img loading=\"lazy\" decoding=\"async\" class=\"alignright wp-image-129607 size-medium\" src=\"http:\/\/www.sana.sy\/tr\/wp-content\/uploads\/2017\/11\/1KMV4387-300x203.jpg\" alt=\"\" width=\"300\" height=\"203\" srcset=\"https:\/\/archive.sana.sy\/tr\/wp-content\/uploads\/2017\/11\/1KMV4387-300x203.jpg 300w, https:\/\/archive.sana.sy\/tr\/wp-content\/uploads\/2017\/11\/1KMV4387-150x101.jpg 150w, https:\/\/archive.sana.sy\/tr\/wp-content\/uploads\/2017\/11\/1KMV4387-768x519.jpg 768w, https:\/\/archive.sana.sy\/tr\/wp-content\/uploads\/2017\/11\/1KMV4387-1024x692.jpg 1024w, https:\/\/archive.sana.sy\/tr\/wp-content\/uploads\/2017\/11\/1KMV4387-110x75.jpg 110w\" sizes=\"auto, (max-width: 300px) 100vw, 300px\" \/><\/a>Rusya Ba\u015fkan\u0131 Putin ise; Suriye h\u00fck\u00fcmetinin bar\u0131\u015f isteyen herkese a\u00e7\u0131k olmas\u0131 ve el Esad\u2019\u0131n Astana s\u00fcrecine deste\u011finin takdire \u015fayan oldu\u011funu ifade etti. Astana s\u00fcreci sonucunda gerilimi azaltma b\u00f6lgelerinin kuruldu\u011funa i\u015faret eden Putin, ayn\u0131 zamanda Suriyeli muhtelif taraflar aras\u0131nda da diyalogu ba\u015flatt\u0131\u011f\u0131n\u0131 kaydetti.<\/p>\n<p>Cumhurba\u015fkan\u0131 el Esad ve Putin ayn\u0131 zamanda Suriye&#8217;de ter\u00f6re kar\u015f\u0131 sava\u015fa kat\u0131lan Rus \u00fcst r\u00fctbeli subay ve generallerle de bir araya geldiler.<\/p>\n<p>G\u00f6r\u00fc\u015fmede el Esad Suriye&#8217;de ter\u00f6re kar\u015f\u0131 sava\u015fta deste\u011finden dolay\u0131 Suriye ve halk\u0131 ad\u0131na \u015f\u00fckranlar\u0131n\u0131 ifade ederken, ortak \u00e7abalar sonucunda ter\u00f6re kar\u015f\u0131 sava\u015fta olumlu sonu\u00e7lar\u0131n t\u00fcm d\u00fcnya taraf\u0131ndan g\u00f6r\u00fcld\u00fc\u011f\u00fcn\u00fc ifade etti.<\/p>\n<div id='gallery-1' class='gallery galleryid-129600 gallery-columns-3 gallery-size-thumbnail'><figure class='gallery-item'>\n\t\t\t<div class='gallery-icon landscape'>\n\t\t\t\t<a href='https:\/\/archive.sana.sy\/tr\/wp-content\/uploads\/2017\/11\/2KMV1087.jpg'><img loading=\"lazy\" decoding=\"async\" width=\"150\" height=\"122\" src=\"https:\/\/archive.sana.sy\/tr\/wp-content\/uploads\/2017\/11\/2KMV1087-150x122.jpg\" class=\"attachment-thumbnail size-thumbnail\" alt=\"\" srcset=\"https:\/\/archive.sana.sy\/tr\/wp-content\/uploads\/2017\/11\/2KMV1087-150x122.jpg 150w, https:\/\/archive.sana.sy\/tr\/wp-content\/uploads\/2017\/11\/2KMV1087-300x244.jpg 300w, https:\/\/archive.sana.sy\/tr\/wp-content\/uploads\/2017\/11\/2KMV1087-768x624.jpg 768w, https:\/\/archive.sana.sy\/tr\/wp-content\/uploads\/2017\/11\/2KMV1087-1024x832.jpg 1024w\" sizes=\"auto, (max-width: 150px) 100vw, 150px\" \/><\/a>\n\t\t\t<\/div><\/figure><figure class='gallery-item'>\n\t\t\t<div class='gallery-icon landscape'>\n\t\t\t\t<a href='https:\/\/archive.sana.sy\/tr\/wp-content\/uploads\/2017\/11\/1KMV4330.jpg'><img loading=\"lazy\" decoding=\"async\" width=\"150\" height=\"126\" src=\"https:\/\/archive.sana.sy\/tr\/wp-content\/uploads\/2017\/11\/1KMV4330-150x126.jpg\" class=\"attachment-thumbnail size-thumbnail\" alt=\"\" srcset=\"https:\/\/archive.sana.sy\/tr\/wp-content\/uploads\/2017\/11\/1KMV4330-150x126.jpg 150w, https:\/\/archive.sana.sy\/tr\/wp-content\/uploads\/2017\/11\/1KMV4330-300x253.jpg 300w, https:\/\/archive.sana.sy\/tr\/wp-content\/uploads\/2017\/11\/1KMV4330-768x646.jpg 768w, https:\/\/archive.sana.sy\/tr\/wp-content\/uploads\/2017\/11\/1KMV4330-1024x862.jpg 1024w\" sizes=\"auto, (max-width: 150px) 100vw, 150px\" \/><\/a>\n\t\t\t<\/div><\/figure><figure class='gallery-item'>\n\t\t\t<div class='gallery-icon landscape'>\n\t\t\t\t<a href='https:\/\/archive.sana.sy\/tr\/wp-content\/uploads\/2017\/11\/1KMV4418.jpg'><img loading=\"lazy\" decoding=\"async\" width=\"150\" height=\"91\" src=\"https:\/\/archive.sana.sy\/tr\/wp-content\/uploads\/2017\/11\/1KMV4418-150x91.jpg\" class=\"attachment-thumbnail size-thumbnail\" alt=\"\" srcset=\"https:\/\/archive.sana.sy\/tr\/wp-content\/uploads\/2017\/11\/1KMV4418-150x91.jpg 150w, https:\/\/archive.sana.sy\/tr\/wp-content\/uploads\/2017\/11\/1KMV4418-300x181.jpg 300w, https:\/\/archive.sana.sy\/tr\/wp-content\/uploads\/2017\/11\/1KMV4418-768x464.jpg 768w, https:\/\/archive.sana.sy\/tr\/wp-content\/uploads\/2017\/11\/1KMV4418-1024x618.jpg 1024w\" sizes=\"auto, (max-width: 150px) 100vw, 150px\" \/><\/a>\n\t\t\t<\/div><\/figure><figure class='gallery-item'>\n\t\t\t<div class='gallery-icon landscape'>\n\t\t\t\t<a href='https:\/\/archive.sana.sy\/tr\/wp-content\/uploads\/2017\/11\/1KMV4513.jpg'><img loading=\"lazy\" decoding=\"async\" width=\"150\" height=\"97\" src=\"https:\/\/archive.sana.sy\/tr\/wp-content\/uploads\/2017\/11\/1KMV4513-150x97.jpg\" class=\"attachment-thumbnail size-thumbnail\" alt=\"\" srcset=\"https:\/\/archive.sana.sy\/tr\/wp-content\/uploads\/2017\/11\/1KMV4513-150x97.jpg 150w, https:\/\/archive.sana.sy\/tr\/wp-content\/uploads\/2017\/11\/1KMV4513-300x195.jpg 300w, https:\/\/archive.sana.sy\/tr\/wp-content\/uploads\/2017\/11\/1KMV4513-768x499.jpg 768w, https:\/\/archive.sana.sy\/tr\/wp-content\/uploads\/2017\/11\/1KMV4513-1024x665.jpg 1024w\" sizes=\"auto, (max-width: 150px) 100vw, 150px\" \/><\/a>\n\t\t\t<\/div><\/figure><figure class='gallery-item'>\n\t\t\t<div class='gallery-icon landscape'>\n\t\t\t\t<a href='https:\/\/archive.sana.sy\/tr\/wp-content\/uploads\/2017\/11\/1KMV4540.jpg'><img loading=\"lazy\" decoding=\"async\" width=\"150\" height=\"104\" src=\"https:\/\/archive.sana.sy\/tr\/wp-content\/uploads\/2017\/11\/1KMV4540-150x104.jpg\" class=\"attachment-thumbnail size-thumbnail\" alt=\"\" srcset=\"https:\/\/archive.sana.sy\/tr\/wp-content\/uploads\/2017\/11\/1KMV4540-150x104.jpg 150w, https:\/\/archive.sana.sy\/tr\/wp-content\/uploads\/2017\/11\/1KMV4540-300x208.jpg 300w, https:\/\/archive.sana.sy\/tr\/wp-content\/uploads\/2017\/11\/1KMV4540-768x532.jpg 768w, https:\/\/archive.sana.sy\/tr\/wp-content\/uploads\/2017\/11\/1KMV4540-1024x710.jpg 1024w, https:\/\/archive.sana.sy\/tr\/wp-content\/uploads\/2017\/11\/1KMV4540-110x75.jpg 110w\" sizes=\"auto, (max-width: 150px) 100vw, 150px\" \/><\/a>\n\t\t\t<\/div><\/figure><figure class='gallery-item'>\n\t\t\t<div class='gallery-icon landscape'>\n\t\t\t\t<a href='https:\/\/archive.sana.sy\/tr\/wp-content\/uploads\/2017\/11\/1-2-1.jpg'><img loading=\"lazy\" decoding=\"async\" width=\"150\" height=\"92\" src=\"https:\/\/archive.sana.sy\/tr\/wp-content\/uploads\/2017\/11\/1-2-1-150x92.jpg\" class=\"attachment-thumbnail size-thumbnail\" alt=\"\" srcset=\"https:\/\/archive.sana.sy\/tr\/wp-content\/uploads\/2017\/11\/1-2-1-150x92.jpg 150w, https:\/\/archive.sana.sy\/tr\/wp-content\/uploads\/2017\/11\/1-2-1-300x185.jpg 300w, https:\/\/archive.sana.sy\/tr\/wp-content\/uploads\/2017\/11\/1-2-1-768x473.jpg 768w, https:\/\/archive.sana.sy\/tr\/wp-content\/uploads\/2017\/11\/1-2-1-1024x631.jpg 1024w, https:\/\/archive.sana.sy\/tr\/wp-content\/uploads\/2017\/11\/1-2-1.jpg 1280w\" sizes=\"auto, (max-width: 150px) 100vw, 150px\" \/><\/a>\n\t\t\t<\/div><\/figure>\n\t\t<\/div>\n\n","protected":false},"excerpt":{"rendered":"<p>SO\u00c7\u0130 \u2013 Cumhurba\u015fkan\u0131 Be\u015f\u015far el Esad Rusya&#8217;n\u0131n So\u00e7i Kentine bulundu\u011fu i\u015f gezisinde Rusya Ba\u015fkan\u0131 Vladimir Putin ile askeri ve siyasi \u00fcst d\u00fczey yetkililerin kat\u0131ml\u0131yla bir zirve toplant\u0131s\u0131nda bulundu. Zirvede Ba\u015fkan Putin Suriye&#8217;de ter\u00f6re kar\u015f\u0131 sa\u011flanan ba\u015far\u0131lardan dolay\u0131 el Esad\u2019\u0131 kutlarken, Suriye halk\u0131n\u0131n ter\u00f6re kar\u015f\u0131 zafere yakla\u015ft\u0131\u011f\u0131n\u0131 belirtti. Putin el Esad ile zirvesinin; kendisi ile \u0130ran &hellip;<\/p>\n","protected":false},"author":1,"featured_media":129601,"comment_status":"closed","ping_status":"closed","sticky":false,"template":"","format":"standard","meta":{"footnotes":""},"categories":[458,610,459,605,17988],"tags":[19968,20113,19842,33372,33371,2587,16592,33373,16591,22181,33370],"class_list":["post-129600","post","type-post","status-publish","format-standard","has-post-thumbnail","","category-dunya1","category-geziler","category-haberler-arap-uluslararasi-politika","category-sayin-cumhurbaskani","category-son-haberler","tag-bessar-esad","tag-esad","tag-esad-ve-putin","tag-iki-lider","tag-ikili-zirve","tag-putin","tag-rusya","tag-soci","tag-suriye","tag-suriyeliler","tag-vladimier-putin"],"_links":{"self":[{"href":"https:\/\/archive.sana.sy\/tr\/index.php?rest_route=\/wp\/v2\/posts\/129600","targetHints":{"allow":["GET"]}}],"collection":[{"href":"https:\/\/archive.sana.sy\/tr\/index.php?rest_route=\/wp\/v2\/posts"}],"about":[{"href":"https:\/\/archive.sana.sy\/tr\/index.php?rest_route=\/wp\/v2\/types\/post"}],"author":[{"embeddable":true,"href":"https:\/\/archive.sana.sy\/tr\/index.php?rest_route=\/wp\/v2\/users\/1"}],"replies":[{"embeddable":true,"href":"https:\/\/archive.sana.sy\/tr\/index.php?rest_route=%2Fwp%2Fv2%2Fcomments&post=129600"}],"version-history":[{"count":0,"href":"https:\/\/archive.sana.sy\/tr\/index.php?rest_route=\/wp\/v2\/posts\/129600\/revisions"}],"wp:featuredmedia":[{"embeddable":true,"href":"https:\/\/archive.sana.sy\/tr\/index.php?rest_route=\/wp\/v2\/media\/129601"}],"wp:attachment":[{"href":"https:\/\/archive.sana.sy\/tr\/index.php?rest_route=%2Fwp%2Fv2%2Fmedia&parent=129600"}],"wp:term":[{"taxonomy":"category","embeddable":true,"href":"https:\/\/archive.sana.sy\/tr\/index.php?rest_route=%2Fwp%2Fv2%2Fcategories&post=129600"},{"taxonomy":"post_tag","embeddable":true,"href":"https:\/\/archive.sana.sy\/tr\/index.php?rest_route=%2Fwp%2Fv2%2Ftags&post=129600"}],"curies":[{"name":"wp","href":"https:\/\/api.w.org\/{rel}","templated":true}]}}