{"id":12962,"date":"2014-10-15T15:12:08","date_gmt":"2014-10-15T12:12:08","guid":{"rendered":"http:\/\/www.sana.sy\/tr\/?p=12962"},"modified":"2014-10-15T15:22:30","modified_gmt":"2014-10-15T12:22:30","slug":"adra-cimento-fabrikasi-yeniden-uretime-basladi","status":"publish","type":"post","link":"https:\/\/archive.sana.sy\/tr\/?p=12962","title":{"rendered":"Adra \u00c7imento Fabrikas\u0131 Yeniden \u00dcretime Ba\u015flad\u0131"},"content":{"rendered":"<p>\u015eAM KIRSALI \u2013 \u015eam k\u0131rsal\u0131 Adra \u00c7imento ve \u0130n\u015faat Malzemeleri Kamu \u015eirketi yeniden \u00fcretime ge\u00e7me \u00e7al\u0131\u015fmalar\u0131n\u0131 tamamlad\u0131.<\/p>\n<p>\u015eirket genel m\u00fcd\u00fcr\u00fc M\u00fcfit S\u00fcleyman ordu birliklerimizin b\u00f6lgeyi ter\u00f6r \u00e7etelerden temizlemesi ard\u0131ndan fabrikalar\u0131 onarma ve enerji hatlar\u0131n\u0131 temin etme ard\u0131ndan fabrikan\u0131n bug\u00fcn g\u00fcnl\u00fck ortalama 800 ton \u00e7imento \u00fcretimiyle yeniden faaliyete ba\u015flad\u0131\u011f\u0131n\u0131 belirtti.<\/p>\n<p>S\u00fcleyman \u00e7imento fabrikas\u0131ndaki ikinci f\u0131r\u0131n\u0131n on g\u00fcne kadar yine \u00fcretime girece\u011fini a\u00e7\u0131klarken g\u00fcnl\u00fck \u00fcretimin b\u00f6ylece ikiye katlanaca\u011f\u0131n\u0131 s\u00f6yledi.<\/p>\n","protected":false},"excerpt":{"rendered":"<p>\u015eAM KIRSALI \u2013 \u015eam k\u0131rsal\u0131 Adra \u00c7imento ve \u0130n\u015faat Malzemeleri Kamu \u015eirketi yeniden \u00fcretime ge\u00e7me \u00e7al\u0131\u015fmalar\u0131n\u0131 tamamlad\u0131. \u015eirket genel m\u00fcd\u00fcr\u00fc M\u00fcfit S\u00fcleyman ordu birliklerimizin b\u00f6lgeyi ter\u00f6r \u00e7etelerden temizlemesi ard\u0131ndan fabrikalar\u0131 onarma ve enerji hatlar\u0131n\u0131 temin etme ard\u0131ndan fabrikan\u0131n bug\u00fcn g\u00fcnl\u00fck ortalama 800 ton \u00e7imento \u00fcretimiyle yeniden faaliyete ba\u015flad\u0131\u011f\u0131n\u0131 belirtti. S\u00fcleyman \u00e7imento fabrikas\u0131ndaki ikinci f\u0131r\u0131n\u0131n on &hellip;<\/p>\n","protected":false},"author":1,"featured_media":12963,"comment_status":"closed","ping_status":"closed","sticky":false,"template":"","format":"standard","meta":{"footnotes":""},"categories":[485,486],"tags":[3620],"class_list":["post-12962","post","type-post","status-publish","format-standard","has-post-thumbnail","","category-is-ve-sermaye","category-haberler-is-ve-sermaye","tag-adra-cimento-fabrikasi-yeniden-uretime-basladi-sam-kirsali-sam-kirsali-adra-cimento-ve-insaat-malzemeleri-kamu-sirketi-yeniden-uretime-gecme-calismalarini-tamamladi-sirket-genel-muduru-mufi"],"_links":{"self":[{"href":"https:\/\/archive.sana.sy\/tr\/index.php?rest_route=\/wp\/v2\/posts\/12962","targetHints":{"allow":["GET"]}}],"collection":[{"href":"https:\/\/archive.sana.sy\/tr\/index.php?rest_route=\/wp\/v2\/posts"}],"about":[{"href":"https:\/\/archive.sana.sy\/tr\/index.php?rest_route=\/wp\/v2\/types\/post"}],"author":[{"embeddable":true,"href":"https:\/\/archive.sana.sy\/tr\/index.php?rest_route=\/wp\/v2\/users\/1"}],"replies":[{"embeddable":true,"href":"https:\/\/archive.sana.sy\/tr\/index.php?rest_route=%2Fwp%2Fv2%2Fcomments&post=12962"}],"version-history":[{"count":0,"href":"https:\/\/archive.sana.sy\/tr\/index.php?rest_route=\/wp\/v2\/posts\/12962\/revisions"}],"wp:featuredmedia":[{"embeddable":true,"href":"https:\/\/archive.sana.sy\/tr\/index.php?rest_route=\/wp\/v2\/media\/12963"}],"wp:attachment":[{"href":"https:\/\/archive.sana.sy\/tr\/index.php?rest_route=%2Fwp%2Fv2%2Fmedia&parent=12962"}],"wp:term":[{"taxonomy":"category","embeddable":true,"href":"https:\/\/archive.sana.sy\/tr\/index.php?rest_route=%2Fwp%2Fv2%2Fcategories&post=12962"},{"taxonomy":"post_tag","embeddable":true,"href":"https:\/\/archive.sana.sy\/tr\/index.php?rest_route=%2Fwp%2Fv2%2Ftags&post=12962"}],"curies":[{"name":"wp","href":"https:\/\/api.w.org\/{rel}","templated":true}]}}