{"id":129627,"date":"2017-11-21T12:58:27","date_gmt":"2017-11-21T10:58:27","guid":{"rendered":"http:\/\/www.sana.sy\/tr\/?p=129627"},"modified":"2017-11-22T09:38:36","modified_gmt":"2017-11-22T07:38:36","slug":"basvuru-tarihi-uzatildi","status":"publish","type":"post","link":"https:\/\/archive.sana.sy\/tr\/?p=129627","title":{"rendered":"Ba\u015fvuru Tarihi Uzat\u0131ld\u0131"},"content":{"rendered":"<p>DERA \u2013 Dera Valili\u011fi ter\u00f6r sald\u0131r\u0131lar\u0131 sonucunda sigortal\u0131 olmayan \u00f6zel m\u00fclkleri hasar g\u00f6ren vatanda\u015flar\u0131n devletin sa\u011flad\u0131\u011f\u0131 maddi yard\u0131mdan faydalanmalar\u0131 i\u00e7in ba\u015fvuruda bulunma tarihinin 30 Haziran 2018 tarihine dek uzat\u0131ld\u0131\u011f\u0131n\u0131 ilan etti.<\/p>\n<p>Dera Valisi Muhammed Halit Hanus; devletin ter\u00f6r ma\u011fduru ailelere destek ve yard\u0131mda bulunma \u00f6zen ve \u00e7abas\u0131 kapsam\u0131nda ba\u015fvuru tarihinin uzat\u0131ld\u0131\u011f\u0131n\u0131 ifade etti.<\/p>\n<p>Vali Hanus maddi yard\u0131m\u0131n uzman komitelerin hasar tespiti ard\u0131ndan yap\u0131ld\u0131\u011f\u0131na dikkat \u00e7ekerken, bunun komitelerin ula\u015f\u0131p ke\u015fifte bulunmalar\u0131 m\u00fcmk\u00fcn olan t\u00fcm b\u00f6lgeleri kapsad\u0131\u011f\u0131n\u0131 ifade etti.<\/p>\n","protected":false},"excerpt":{"rendered":"<p>DERA \u2013 Dera Valili\u011fi ter\u00f6r sald\u0131r\u0131lar\u0131 sonucunda sigortal\u0131 olmayan \u00f6zel m\u00fclkleri hasar g\u00f6ren vatanda\u015flar\u0131n devletin sa\u011flad\u0131\u011f\u0131 maddi yard\u0131mdan faydalanmalar\u0131 i\u00e7in ba\u015fvuruda bulunma tarihinin 30 Haziran 2018 tarihine dek uzat\u0131ld\u0131\u011f\u0131n\u0131 ilan etti. Dera Valisi Muhammed Halit Hanus; devletin ter\u00f6r ma\u011fduru ailelere destek ve yard\u0131mda bulunma \u00f6zen ve \u00e7abas\u0131 kapsam\u0131nda ba\u015fvuru tarihinin uzat\u0131ld\u0131\u011f\u0131n\u0131 ifade etti. Vali Hanus &hellip;<\/p>\n","protected":false},"author":1,"featured_media":129639,"comment_status":"closed","ping_status":"closed","sticky":false,"template":"","format":"standard","meta":{"footnotes":""},"categories":[485,486,479,17988,478],"tags":[1295,24915,33380,16591,12240,22181,16621,20510],"class_list":["post-129627","post","type-post","status-publish","format-standard","has-post-thumbnail","","category-is-ve-sermaye","category-haberler-is-ve-sermaye","category-haberler-yerel","category-son-haberler","category-yerel","tag-dera","tag-dera-valisi","tag-muhammed-halit-hanus","tag-suriye","tag-suriye-hukumeti","tag-suriyeliler","tag-teror-magduru","tag-teror-saldirilari"],"_links":{"self":[{"href":"https:\/\/archive.sana.sy\/tr\/index.php?rest_route=\/wp\/v2\/posts\/129627","targetHints":{"allow":["GET"]}}],"collection":[{"href":"https:\/\/archive.sana.sy\/tr\/index.php?rest_route=\/wp\/v2\/posts"}],"about":[{"href":"https:\/\/archive.sana.sy\/tr\/index.php?rest_route=\/wp\/v2\/types\/post"}],"author":[{"embeddable":true,"href":"https:\/\/archive.sana.sy\/tr\/index.php?rest_route=\/wp\/v2\/users\/1"}],"replies":[{"embeddable":true,"href":"https:\/\/archive.sana.sy\/tr\/index.php?rest_route=%2Fwp%2Fv2%2Fcomments&post=129627"}],"version-history":[{"count":0,"href":"https:\/\/archive.sana.sy\/tr\/index.php?rest_route=\/wp\/v2\/posts\/129627\/revisions"}],"wp:featuredmedia":[{"embeddable":true,"href":"https:\/\/archive.sana.sy\/tr\/index.php?rest_route=\/wp\/v2\/media\/129639"}],"wp:attachment":[{"href":"https:\/\/archive.sana.sy\/tr\/index.php?rest_route=%2Fwp%2Fv2%2Fmedia&parent=129627"}],"wp:term":[{"taxonomy":"category","embeddable":true,"href":"https:\/\/archive.sana.sy\/tr\/index.php?rest_route=%2Fwp%2Fv2%2Fcategories&post=129627"},{"taxonomy":"post_tag","embeddable":true,"href":"https:\/\/archive.sana.sy\/tr\/index.php?rest_route=%2Fwp%2Fv2%2Ftags&post=129627"}],"curies":[{"name":"wp","href":"https:\/\/api.w.org\/{rel}","templated":true}]}}