{"id":129629,"date":"2017-11-21T12:32:35","date_gmt":"2017-11-21T10:32:35","guid":{"rendered":"http:\/\/www.sana.sy\/tr\/?p=129629"},"modified":"2017-11-22T09:41:15","modified_gmt":"2017-11-22T07:41:15","slug":"gercek-er-yada-gec-kendini-dayatacaktir","status":"publish","type":"post","link":"https:\/\/archive.sana.sy\/tr\/?p=129629","title":{"rendered":"Ger\u00e7ek Er Yada Ge\u00e7 Kendini Dayatacakt\u0131r"},"content":{"rendered":"<p>HAVANA \u2013 Havana \u00dcniversitesi Rekt\u00f6r\u00fc Gustavo Cobreiro Suarez Suriye&#8217;nin muhtelif y\u00f6nl\u00fc ve sava\u015f ve ter\u00f6re kar\u015f\u0131 m\u00fccadelesinde \u015fanl\u0131 bir zafer kazanaca\u011f\u0131na inand\u0131\u011f\u0131n\u0131 ifade etti.<\/p>\n<p>Suriye&#8217;nin Havana B\u00fcy\u00fckel\u00e7isi \u0130dris Meyya ile bir araya gelen Suarez ger\u00e7eklerin er yada ge\u00e7 sonu\u00e7ta kendini dayataca\u011f\u0131n\u0131, Suriye&#8217;nin de \u015fanl\u0131 bir zafer kazanmas\u0131n\u0131n ka\u00e7\u0131n\u0131lmaz oldu\u011funu belirtti.<\/p>\n<p>Suarez iki \u00fclke aras\u0131nda \u00f6\u011fretimde i\u015fbirli\u011fini peki\u015ftirme olanaklar\u0131na dikkat \u00e7eken Suarez; K\u00fcba \u00fcniversitelerinde \u00f6\u011frenim g\u00f6ren Suriyeli \u00f6\u011frencilerin muhtelif y\u00f6nl\u00fc faaliyetlerde y\u00fcksek ba\u015far\u0131lar\u0131n\u0131 kan\u0131tlad\u0131klar\u0131na i\u015faret etti.<\/p>\n<p>B\u00fcy\u00fckel\u00e7i Meyya iki taraf aras\u0131nda \u00f6\u011fretim ve daha ba\u015fka alanlarda i\u015fbirli\u011finin artt\u0131r\u0131labilece\u011fine dikkat \u00e7ekerken, t\u00fcm ko\u015fullara ra\u011fmen Suriye&#8217;de e\u011fitim ve \u00f6\u011fretimin ba\u015far\u0131yla geli\u015ftirilmekte oldu\u011funu ifade etti.<\/p>\n","protected":false},"excerpt":{"rendered":"<p>HAVANA \u2013 Havana \u00dcniversitesi Rekt\u00f6r\u00fc Gustavo Cobreiro Suarez Suriye&#8217;nin muhtelif y\u00f6nl\u00fc ve sava\u015f ve ter\u00f6re kar\u015f\u0131 m\u00fccadelesinde \u015fanl\u0131 bir zafer kazanaca\u011f\u0131na inand\u0131\u011f\u0131n\u0131 ifade etti. Suriye&#8217;nin Havana B\u00fcy\u00fckel\u00e7isi \u0130dris Meyya ile bir araya gelen Suarez ger\u00e7eklerin er yada ge\u00e7 sonu\u00e7ta kendini dayataca\u011f\u0131n\u0131, Suriye&#8217;nin de \u015fanl\u0131 bir zafer kazanmas\u0131n\u0131n ka\u00e7\u0131n\u0131lmaz oldu\u011funu belirtti. Suarez iki \u00fclke aras\u0131nda \u00f6\u011fretimde &hellip;<\/p>\n","protected":false},"author":1,"featured_media":129633,"comment_status":"closed","ping_status":"closed","sticky":false,"template":"","format":"standard","meta":{"footnotes":""},"categories":[458,459,17988],"tags":[22557,7129,16591,22187,25104],"class_list":["post-129629","post","type-post","status-publish","format-standard","has-post-thumbnail","","category-dunya1","category-haberler-arap-uluslararasi-politika","category-son-haberler","tag-havana-universitesi","tag-kuba","tag-suriye","tag-suriye-buyukelcisi","tag-suriye-ve-kuba"],"_links":{"self":[{"href":"https:\/\/archive.sana.sy\/tr\/index.php?rest_route=\/wp\/v2\/posts\/129629","targetHints":{"allow":["GET"]}}],"collection":[{"href":"https:\/\/archive.sana.sy\/tr\/index.php?rest_route=\/wp\/v2\/posts"}],"about":[{"href":"https:\/\/archive.sana.sy\/tr\/index.php?rest_route=\/wp\/v2\/types\/post"}],"author":[{"embeddable":true,"href":"https:\/\/archive.sana.sy\/tr\/index.php?rest_route=\/wp\/v2\/users\/1"}],"replies":[{"embeddable":true,"href":"https:\/\/archive.sana.sy\/tr\/index.php?rest_route=%2Fwp%2Fv2%2Fcomments&post=129629"}],"version-history":[{"count":0,"href":"https:\/\/archive.sana.sy\/tr\/index.php?rest_route=\/wp\/v2\/posts\/129629\/revisions"}],"wp:featuredmedia":[{"embeddable":true,"href":"https:\/\/archive.sana.sy\/tr\/index.php?rest_route=\/wp\/v2\/media\/129633"}],"wp:attachment":[{"href":"https:\/\/archive.sana.sy\/tr\/index.php?rest_route=%2Fwp%2Fv2%2Fmedia&parent=129629"}],"wp:term":[{"taxonomy":"category","embeddable":true,"href":"https:\/\/archive.sana.sy\/tr\/index.php?rest_route=%2Fwp%2Fv2%2Fcategories&post=129629"},{"taxonomy":"post_tag","embeddable":true,"href":"https:\/\/archive.sana.sy\/tr\/index.php?rest_route=%2Fwp%2Fv2%2Ftags&post=129629"}],"curies":[{"name":"wp","href":"https:\/\/api.w.org\/{rel}","templated":true}]}}