{"id":129644,"date":"2017-11-21T13:12:51","date_gmt":"2017-11-21T11:12:51","guid":{"rendered":"http:\/\/www.sana.sy\/tr\/?p=129644"},"modified":"2017-11-22T09:38:23","modified_gmt":"2017-11-22T07:38:23","slug":"rusvetten-baska-bir-sey-degildir","status":"publish","type":"post","link":"https:\/\/archive.sana.sy\/tr\/?p=129644","title":{"rendered":"R\u00fc\u015fvetten Ba\u015fka Bir \u015eey De\u011fildir"},"content":{"rendered":"<p>PRAG \u2013 \u00c7ekli siyasi analist Vaclav Aumlauf; Suudi rejiminin Bat\u0131l\u0131 devletlerle yapt\u0131\u011f\u0131 milyarlarca dolarl\u0131k silah anla\u015fmalar\u0131n\u0131n, bu rejimin \u00f6zellikle Suriye&#8217;de olmak \u00fczere uluslar aras\u0131 ter\u00f6re deste\u011fini \u00f6rtbas etme ve Bat\u0131l\u0131 devletlerin sessiz kalmalar\u0131n\u0131 sa\u011flama ama\u00e7l\u0131 r\u00fc\u015fvetten ba\u015fka bir \u015fey olmad\u0131\u011f\u0131n\u0131 belirtti.<\/p>\n<p>Republika Czech web haber sitesinde yay\u0131nlad\u0131\u011f\u0131 makalesinde Aumlauf; Suudi rejiminin Yemen\u2019de \u00e7ocuk ve kad\u0131nlar\u0131n aralar\u0131nda bulundu\u011fu binlerce vatanda\u015f\u0131 vah\u015fice katletti\u011fine dikkat \u00e7ekti.<\/p>\n<p>Aumlauf bir k\u0131s\u0131m \u00fclkelerde s\u00f6m\u00fcr\u00fc ve hegemonya sa\u011flama ama\u00e7l\u0131 olarak ter\u00f6r\u00fc destekleyen devletlerin yak\u0131n bir s\u00fcre i\u00e7inde bu desteklerinin olumsuz etkilerine tan\u0131k olacaklar\u0131n\u0131 ifade etti.<\/p>\n","protected":false},"excerpt":{"rendered":"<p>PRAG \u2013 \u00c7ekli siyasi analist Vaclav Aumlauf; Suudi rejiminin Bat\u0131l\u0131 devletlerle yapt\u0131\u011f\u0131 milyarlarca dolarl\u0131k silah anla\u015fmalar\u0131n\u0131n, bu rejimin \u00f6zellikle Suriye&#8217;de olmak \u00fczere uluslar aras\u0131 ter\u00f6re deste\u011fini \u00f6rtbas etme ve Bat\u0131l\u0131 devletlerin sessiz kalmalar\u0131n\u0131 sa\u011flama ama\u00e7l\u0131 r\u00fc\u015fvetten ba\u015fka bir \u015fey olmad\u0131\u011f\u0131n\u0131 belirtti. Republika Czech web haber sitesinde yay\u0131nlad\u0131\u011f\u0131 makalesinde Aumlauf; Suudi rejiminin Yemen\u2019de \u00e7ocuk ve kad\u0131nlar\u0131n &hellip;<\/p>\n","protected":false},"author":1,"featured_media":129646,"comment_status":"closed","ping_status":"closed","sticky":false,"template":"","format":"standard","meta":{"footnotes":""},"categories":[556,458,559,459,17988],"tags":[33381,25447,2733,14147,19389],"class_list":["post-129644","post","type-post","status-publish","format-standard","has-post-thumbnail","","category-basin","category-dunya1","category-dunya-basini","category-haberler-arap-uluslararasi-politika","category-son-haberler","tag-silah-anlasmalari","tag-suriye-savasi","tag-suudi-arabistan","tag-suudi-rejimi","tag-terore-destek"],"_links":{"self":[{"href":"https:\/\/archive.sana.sy\/tr\/index.php?rest_route=\/wp\/v2\/posts\/129644","targetHints":{"allow":["GET"]}}],"collection":[{"href":"https:\/\/archive.sana.sy\/tr\/index.php?rest_route=\/wp\/v2\/posts"}],"about":[{"href":"https:\/\/archive.sana.sy\/tr\/index.php?rest_route=\/wp\/v2\/types\/post"}],"author":[{"embeddable":true,"href":"https:\/\/archive.sana.sy\/tr\/index.php?rest_route=\/wp\/v2\/users\/1"}],"replies":[{"embeddable":true,"href":"https:\/\/archive.sana.sy\/tr\/index.php?rest_route=%2Fwp%2Fv2%2Fcomments&post=129644"}],"version-history":[{"count":0,"href":"https:\/\/archive.sana.sy\/tr\/index.php?rest_route=\/wp\/v2\/posts\/129644\/revisions"}],"wp:featuredmedia":[{"embeddable":true,"href":"https:\/\/archive.sana.sy\/tr\/index.php?rest_route=\/wp\/v2\/media\/129646"}],"wp:attachment":[{"href":"https:\/\/archive.sana.sy\/tr\/index.php?rest_route=%2Fwp%2Fv2%2Fmedia&parent=129644"}],"wp:term":[{"taxonomy":"category","embeddable":true,"href":"https:\/\/archive.sana.sy\/tr\/index.php?rest_route=%2Fwp%2Fv2%2Fcategories&post=129644"},{"taxonomy":"post_tag","embeddable":true,"href":"https:\/\/archive.sana.sy\/tr\/index.php?rest_route=%2Fwp%2Fv2%2Ftags&post=129644"}],"curies":[{"name":"wp","href":"https:\/\/api.w.org\/{rel}","templated":true}]}}