{"id":12966,"date":"2014-10-15T15:26:09","date_gmt":"2014-10-15T12:26:09","guid":{"rendered":"http:\/\/www.sana.sy\/tr\/?p=12966"},"modified":"2014-10-15T15:26:09","modified_gmt":"2014-10-15T12:26:09","slug":"rumiye-cezaevinde-isid-ve-kaide-liderleri-var","status":"publish","type":"post","link":"https:\/\/archive.sana.sy\/tr\/?p=12966","title":{"rendered":"Rumiye Cezaevinde I\u015e\u0130D ve Kaide Liderleri Var"},"content":{"rendered":"<p>L\u00fcbnan Parlamento Ba\u015fkan\u0131 Nebih Berri Beyrut&#8217;ta bulunan Rumiye Cezaevinde Kaide ve I\u015e\u0130D ter\u00f6r \u00f6rg\u00fctleri y\u00f6neticilerinin bulundu\u011funu belirtirken, L\u00fcbnan devletinin toleranslar\u0131yla birlikte \u00fcst\u00fcne d\u00fc\u015fen sorumlulu\u011fu \u00fcstlenmemesi nedeniyle bu y\u00f6neticilerin koruma alt\u0131nda ve faal olduklar\u0131na dikkat \u00e7ekti.<\/p>\n<p>Cenevre&#8217;de d\u00fczenlenen Uluslararas\u0131 Parlamentolar Birli\u011fi toplant\u0131lar\u0131 \u00e7er\u00e7evesinde yapt\u0131\u011f\u0131 ve L\u00fcbnan medya kaynaklar\u0131n\u0131n aktard\u0131\u011f\u0131 a\u00e7\u0131klamalar\u0131nda Berri; cezaevindeki ter\u00f6r liderleri ile d\u0131\u015far\u0131daki ter\u00f6r \u00f6rg\u00fctleri ve elemanlar\u0131 aras\u0131ndaki ileti\u015fimi parazitle\u015ftirme amac\u0131yla y\u0131llar \u00f6ncesinden 750 bin dolar de\u011ferinde bir cihaz sat\u0131n al\u0131nmas\u0131na ra\u011fmen bu cihaz\u0131n hala kullan\u0131ma ge\u00e7irilmedi\u011fine dikkat \u00e7ekti.<\/p>\n<p>Berri Rumiye Cezaevinin bir\u00e7ok b\u00f6l\u00fcm\u00fcnde kap\u0131lar\u0131n bile bulunmad\u0131\u011f\u0131n\u0131 ve mahkumlar\u0131n istedikleri gibi rahat bir \u015fekilde hareket ettiklerine i\u015faret ederek, \u2018rezalet\u2019 olarak nitelendirdi\u011fi bu durumun kimse taraf\u0131ndan umursanmad\u0131\u011f\u0131n\u0131 s\u00f6yledi.<\/p>\n","protected":false},"excerpt":{"rendered":"<p>L\u00fcbnan Parlamento Ba\u015fkan\u0131 Nebih Berri Beyrut&#8217;ta bulunan Rumiye Cezaevinde Kaide ve I\u015e\u0130D ter\u00f6r \u00f6rg\u00fctleri y\u00f6neticilerinin bulundu\u011funu belirtirken, L\u00fcbnan devletinin toleranslar\u0131yla birlikte \u00fcst\u00fcne d\u00fc\u015fen sorumlulu\u011fu \u00fcstlenmemesi nedeniyle bu y\u00f6neticilerin koruma alt\u0131nda ve faal olduklar\u0131na dikkat \u00e7ekti. Cenevre&#8217;de d\u00fczenlenen Uluslararas\u0131 Parlamentolar Birli\u011fi toplant\u0131lar\u0131 \u00e7er\u00e7evesinde yapt\u0131\u011f\u0131 ve L\u00fcbnan medya kaynaklar\u0131n\u0131n aktard\u0131\u011f\u0131 a\u00e7\u0131klamalar\u0131nda Berri; cezaevindeki ter\u00f6r liderleri ile d\u0131\u015far\u0131daki &hellip;<\/p>\n","protected":false},"author":1,"featured_media":12967,"comment_status":"closed","ping_status":"closed","sticky":false,"template":"","format":"standard","meta":{"footnotes":""},"categories":[458,459,447],"tags":[3623,3622,3621],"class_list":["post-12966","post","type-post","status-publish","format-standard","has-post-thumbnail","","category-dunya1","category-haberler-arap-uluslararasi-politika","category-politika","tag-rezalet-olarak-nitelendirdigi-bu-durumun-kimse-tarafindan-umursanmadigini-soyledi","tag-lubnan-devletinin-toleranslariyla-birlikte-ustune-dusen-sorumlulugu-ustlenmemesi-nedeniyle-bu-yoneticilerin-koruma-altinda-ve-faal-olduklarina-dikkat-cekti-cenevrede-duzenlenen-uluslararasi-parlamen","tag-rumiye-cezaevinde-isid-ve-kaide-liderleri-var-beyrut-lubnan-parlamento-baskani-nebih-berri-beyrutta-bulunan-rumiye-cezaevinde-kaide-ve-isid-teror-orgutleri-yoneticilerinin-bulundugunu-belir"],"_links":{"self":[{"href":"https:\/\/archive.sana.sy\/tr\/index.php?rest_route=\/wp\/v2\/posts\/12966","targetHints":{"allow":["GET"]}}],"collection":[{"href":"https:\/\/archive.sana.sy\/tr\/index.php?rest_route=\/wp\/v2\/posts"}],"about":[{"href":"https:\/\/archive.sana.sy\/tr\/index.php?rest_route=\/wp\/v2\/types\/post"}],"author":[{"embeddable":true,"href":"https:\/\/archive.sana.sy\/tr\/index.php?rest_route=\/wp\/v2\/users\/1"}],"replies":[{"embeddable":true,"href":"https:\/\/archive.sana.sy\/tr\/index.php?rest_route=%2Fwp%2Fv2%2Fcomments&post=12966"}],"version-history":[{"count":0,"href":"https:\/\/archive.sana.sy\/tr\/index.php?rest_route=\/wp\/v2\/posts\/12966\/revisions"}],"wp:featuredmedia":[{"embeddable":true,"href":"https:\/\/archive.sana.sy\/tr\/index.php?rest_route=\/wp\/v2\/media\/12967"}],"wp:attachment":[{"href":"https:\/\/archive.sana.sy\/tr\/index.php?rest_route=%2Fwp%2Fv2%2Fmedia&parent=12966"}],"wp:term":[{"taxonomy":"category","embeddable":true,"href":"https:\/\/archive.sana.sy\/tr\/index.php?rest_route=%2Fwp%2Fv2%2Fcategories&post=12966"},{"taxonomy":"post_tag","embeddable":true,"href":"https:\/\/archive.sana.sy\/tr\/index.php?rest_route=%2Fwp%2Fv2%2Ftags&post=12966"}],"curies":[{"name":"wp","href":"https:\/\/api.w.org\/{rel}","templated":true}]}}