{"id":12969,"date":"2014-10-15T16:13:43","date_gmt":"2014-10-15T13:13:43","guid":{"rendered":"http:\/\/www.sana.sy\/tr\/?p=12969"},"modified":"2014-10-15T16:13:43","modified_gmt":"2014-10-15T13:13:43","slug":"cocuk-ve-kadinlarin-korunmasi-icin-ozel-unite-kurulacak","status":"publish","type":"post","link":"https:\/\/archive.sana.sy\/tr\/?p=12969","title":{"rendered":"\u00c7ocuk ve Kad\u0131nlar\u0131n Korunmas\u0131 \u0130\u00e7in \u00d6zel \u00dcnite Kurulacak"},"content":{"rendered":"<p>\u015eAM \u2013 \u0130nsani Yard\u0131m Y\u00fcksek Komitesi bug\u00fcn d\u00fczenledi\u011fi oturumda Suriye h\u00fck\u00fcmeti ile BM \u0130nsani Yard\u0131m \u00d6rg\u00fct\u00fc aras\u0131nda mevcut insani yard\u0131m anla\u015fmas\u0131 kapsam\u0131nda \u00e7ocuk ve kad\u0131nlar\u0131n korunmas\u0131 yollar\u0131n\u0131 masaya yat\u0131rd\u0131.<\/p>\n<p><a href=\"http:\/\/www.sana.sy\/tr\/wp-content\/uploads\/2014\/10\/Sosyal-\u0130\u015fler-Bakan\u0131-2.jpg\"><img loading=\"lazy\" decoding=\"async\" class=\"alignright wp-image-12971 size-medium\" src=\"http:\/\/www.sana.sy\/tr\/wp-content\/uploads\/2014\/10\/Sosyal-\u0130\u015fler-Bakan\u0131-2-300x171.jpg\" alt=\"Sosyal \u0130\u015fler Bakan\u0131 2\" width=\"300\" height=\"171\" srcset=\"https:\/\/archive.sana.sy\/tr\/wp-content\/uploads\/2014\/10\/Sosyal-\u0130\u015fler-Bakan\u0131-2-300x171.jpg 300w, https:\/\/archive.sana.sy\/tr\/wp-content\/uploads\/2014\/10\/Sosyal-\u0130\u015fler-Bakan\u0131-2-150x85.jpg 150w, https:\/\/archive.sana.sy\/tr\/wp-content\/uploads\/2014\/10\/Sosyal-\u0130\u015fler-Bakan\u0131-2-1024x584.jpg 1024w\" sizes=\"auto, (max-width: 300px) 100vw, 300px\" \/><\/a>Komite Ba\u015fkan\u0131 Sosyal \u0130\u015fler Bakan\u0131 Kinda el \u015eammat oturumda \u00e7ocuk ve kad\u0131nlar\u0131n yan\u0131 s\u0131ra toplumda fiziksel olarak zay\u0131f kesimlerin kriz yans\u0131malar\u0131ndan korunmas\u0131nda etkin bir y\u00f6ntem uygulama \u00f6neminin alt\u0131n\u0131 \u00e7izdi.<\/p>\n<p>\u015eammat koruma sekt\u00f6r\u00fcn\u00fcn h\u00fck\u00fcmetin temel sorumlulu\u011fu ve \u00f6nceli\u011fi oldu\u011funu belirtti.<\/p>\n<p>\u00c7ocuk ve kad\u0131nlar\u0131n ya\u015fanan olaylar\u0131n olumsuz etkilerinden korunmalar\u0131 amac\u0131yla \u00f6zel bir \u00fcnite te\u015fkil edilece\u011fini a\u00e7\u0131klayan \u015eammat; bu ba\u011flamda sivil toplum ve halk \u00f6rg\u00fctleriyle i\u015fbirli\u011fi yap\u0131laca\u011f\u0131n\u0131 belirtti.<\/p>\n","protected":false},"excerpt":{"rendered":"<p>\u015eAM \u2013 \u0130nsani Yard\u0131m Y\u00fcksek Komitesi bug\u00fcn d\u00fczenledi\u011fi oturumda Suriye h\u00fck\u00fcmeti ile BM \u0130nsani Yard\u0131m \u00d6rg\u00fct\u00fc aras\u0131nda mevcut insani yard\u0131m anla\u015fmas\u0131 kapsam\u0131nda \u00e7ocuk ve kad\u0131nlar\u0131n korunmas\u0131 yollar\u0131n\u0131 masaya yat\u0131rd\u0131. Komite Ba\u015fkan\u0131 Sosyal \u0130\u015fler Bakan\u0131 Kinda el \u015eammat oturumda \u00e7ocuk ve kad\u0131nlar\u0131n yan\u0131 s\u0131ra toplumda fiziksel olarak zay\u0131f kesimlerin kriz yans\u0131malar\u0131ndan korunmas\u0131nda etkin bir y\u00f6ntem uygulama &hellip;<\/p>\n","protected":false},"author":1,"featured_media":12972,"comment_status":"closed","ping_status":"closed","sticky":false,"template":"","format":"standard","meta":{"footnotes":""},"categories":[526,479,525,478],"tags":[3624],"class_list":["post-12969","post","type-post","status-publish","format-standard","has-post-thumbnail","","category-haber-ve-raporlar","category-haberler-yerel","category-toplum","category-yerel","tag-cocuk-ve-kadinlarin-korunmasi-icin-ozel-unite-kurulacak-sam-insani-yardim-yuksek-komitesi-bugun-duzenledigi-oturumda-suriye-hukumeti-ile-bm-insani-yardim-orgutu-arasinda-mevcut-insani-yardim"],"_links":{"self":[{"href":"https:\/\/archive.sana.sy\/tr\/index.php?rest_route=\/wp\/v2\/posts\/12969","targetHints":{"allow":["GET"]}}],"collection":[{"href":"https:\/\/archive.sana.sy\/tr\/index.php?rest_route=\/wp\/v2\/posts"}],"about":[{"href":"https:\/\/archive.sana.sy\/tr\/index.php?rest_route=\/wp\/v2\/types\/post"}],"author":[{"embeddable":true,"href":"https:\/\/archive.sana.sy\/tr\/index.php?rest_route=\/wp\/v2\/users\/1"}],"replies":[{"embeddable":true,"href":"https:\/\/archive.sana.sy\/tr\/index.php?rest_route=%2Fwp%2Fv2%2Fcomments&post=12969"}],"version-history":[{"count":0,"href":"https:\/\/archive.sana.sy\/tr\/index.php?rest_route=\/wp\/v2\/posts\/12969\/revisions"}],"wp:featuredmedia":[{"embeddable":true,"href":"https:\/\/archive.sana.sy\/tr\/index.php?rest_route=\/wp\/v2\/media\/12972"}],"wp:attachment":[{"href":"https:\/\/archive.sana.sy\/tr\/index.php?rest_route=%2Fwp%2Fv2%2Fmedia&parent=12969"}],"wp:term":[{"taxonomy":"category","embeddable":true,"href":"https:\/\/archive.sana.sy\/tr\/index.php?rest_route=%2Fwp%2Fv2%2Fcategories&post=12969"},{"taxonomy":"post_tag","embeddable":true,"href":"https:\/\/archive.sana.sy\/tr\/index.php?rest_route=%2Fwp%2Fv2%2Ftags&post=12969"}],"curies":[{"name":"wp","href":"https:\/\/api.w.org\/{rel}","templated":true}]}}