{"id":129753,"date":"2017-11-21T16:16:07","date_gmt":"2017-11-21T14:16:07","guid":{"rendered":"http:\/\/www.sana.sy\/tr\/?p=129753"},"modified":"2017-11-22T09:37:54","modified_gmt":"2017-11-22T07:37:54","slug":"ek-ders-ucretine-iliskin-kararname-onaylandi","status":"publish","type":"post","link":"https:\/\/archive.sana.sy\/tr\/?p=129753","title":{"rendered":"Ek Ders \u00dccretine \u0130li\u015fkin Kararname Onayland\u0131"},"content":{"rendered":"<p>\u015eAM \u2013 Cumhurba\u015fkan\u0131 Be\u015f\u015far el Esad ilk\u00f6\u011fretim ve lise okullar\u0131nda ek ders veren \u00f6\u011fretmenlerin \u00fccretlerine ili\u015fkin 2017\/335 say\u0131l\u0131 kararnameyi onaylad\u0131.<\/p>\n<p>Kararname e\u011fitim bakan\u0131 ya da bakan\u0131n yetkilendirdi\u011fi yetkili makam taraf\u0131ndan ek ders vermekle g\u00f6revlendirilenlerin yeni ders saati \u00fccretiyle \u00fccretlendirilmelerini \u00f6n g\u00f6r\u00fcyor.<\/p>\n","protected":false},"excerpt":{"rendered":"<p>\u015eAM \u2013 Cumhurba\u015fkan\u0131 Be\u015f\u015far el Esad ilk\u00f6\u011fretim ve lise okullar\u0131nda ek ders veren \u00f6\u011fretmenlerin \u00fccretlerine ili\u015fkin 2017\/335 say\u0131l\u0131 kararnameyi onaylad\u0131. Kararname e\u011fitim bakan\u0131 ya da bakan\u0131n yetkilendirdi\u011fi yetkili makam taraf\u0131ndan ek ders vermekle g\u00f6revlendirilenlerin yeni ders saati \u00fccretiyle \u00fccretlendirilmelerini \u00f6n g\u00f6r\u00fcyor.<\/p>\n","protected":false},"author":1,"featured_media":56583,"comment_status":"closed","ping_status":"closed","sticky":false,"template":"","format":"standard","meta":{"footnotes":""},"categories":[479,605,17988,612,599,478],"tags":[16402,4119,33392,18405,19946,18406,33393],"class_list":["post-129753","post","type-post","status-publish","format-standard","has-post-thumbnail","","category-haberler-yerel","category-sayin-cumhurbaskani","category-son-haberler","category-yasama-kararnameler","category-yasama-ve-kanunlar","category-yerel","tag-cumhurbaskani-bessar-el-esad","tag-egitim-bakani","tag-ek-ders","tag-ilkogretim","tag-kararname","tag-lise","tag-ogretmenlerin-ucretleri"],"_links":{"self":[{"href":"https:\/\/archive.sana.sy\/tr\/index.php?rest_route=\/wp\/v2\/posts\/129753","targetHints":{"allow":["GET"]}}],"collection":[{"href":"https:\/\/archive.sana.sy\/tr\/index.php?rest_route=\/wp\/v2\/posts"}],"about":[{"href":"https:\/\/archive.sana.sy\/tr\/index.php?rest_route=\/wp\/v2\/types\/post"}],"author":[{"embeddable":true,"href":"https:\/\/archive.sana.sy\/tr\/index.php?rest_route=\/wp\/v2\/users\/1"}],"replies":[{"embeddable":true,"href":"https:\/\/archive.sana.sy\/tr\/index.php?rest_route=%2Fwp%2Fv2%2Fcomments&post=129753"}],"version-history":[{"count":0,"href":"https:\/\/archive.sana.sy\/tr\/index.php?rest_route=\/wp\/v2\/posts\/129753\/revisions"}],"wp:featuredmedia":[{"embeddable":true,"href":"https:\/\/archive.sana.sy\/tr\/index.php?rest_route=\/wp\/v2\/media\/56583"}],"wp:attachment":[{"href":"https:\/\/archive.sana.sy\/tr\/index.php?rest_route=%2Fwp%2Fv2%2Fmedia&parent=129753"}],"wp:term":[{"taxonomy":"category","embeddable":true,"href":"https:\/\/archive.sana.sy\/tr\/index.php?rest_route=%2Fwp%2Fv2%2Fcategories&post=129753"},{"taxonomy":"post_tag","embeddable":true,"href":"https:\/\/archive.sana.sy\/tr\/index.php?rest_route=%2Fwp%2Fv2%2Ftags&post=129753"}],"curies":[{"name":"wp","href":"https:\/\/api.w.org\/{rel}","templated":true}]}}