{"id":129771,"date":"2017-11-21T16:54:13","date_gmt":"2017-11-21T14:54:13","guid":{"rendered":"http:\/\/www.sana.sy\/tr\/?p=129771"},"modified":"2017-11-22T09:37:45","modified_gmt":"2017-11-22T07:37:45","slug":"hasekeden-tum-dunyaya-mesaj","status":"publish","type":"post","link":"https:\/\/archive.sana.sy\/tr\/?p=129771","title":{"rendered":"Haseke\u2019den T\u00fcm D\u00fcnyaya Mesaj"},"content":{"rendered":"<p>HASEKE \u2013 Haseke halk\u0131 bug\u00fcn vatan koruyucular\u0131 ordu birliklerimizin radikal ter\u00f6re kar\u015f\u0131 zaferleri ve son olarak Deyrezzor \u0130linin do\u011fusunda yer alan Albukemal Kentini I\u015e\u0130D\u2019ten kurtarmalar\u0131n\u0131 kutlad\u0131.<\/p>\n<p>Resmi ve sivil toplum faaliyetlerinin Haseke Kentinin ortas\u0131ndaki Kurucu Lider Haf\u0131z el Esad Meydan\u0131nda d\u00fczenledi\u011fi kitlesel kutlamalarda ordu birliklerimizin destek\u00e7i ve m\u00fcttefik g\u00fc\u00e7lerle i\u015fbirli\u011fi i\u00e7inde radikal ter\u00f6r ve destek\u00e7ilerine kar\u015f\u0131 ba\u015far\u0131lar\u0131n\u0131n Suriye&#8217;nin par\u00e7alanmas\u0131n\u0131 hedefleyen planlar\u0131 \u00e7\u00f6kerttiklerine dikkat \u00e7ekti.<\/p>\n<p>Kat\u0131l\u0131mc\u0131lar Suriye halk\u0131n\u0131n t\u00fcm bile\u015fenleri ve kesimleriyle vatan koruyucular\u0131 ordu birliklerimizi destekledi\u011fi, ordu birliklerimizin de vatan topraklar\u0131n\u0131n istisnas\u0131z her yerinde istikrar, g\u00fcvenlik ve egemenli\u011fi sa\u011flama \u00f6zeni ve kararl\u0131l\u0131\u011f\u0131nda oldu\u011fu y\u00f6n\u00fcnde t\u00fcm d\u00fcnyaya mesaj vermek istediklerini vurgulad\u0131.<\/p>\n<div id='gallery-1' class='gallery galleryid-129771 gallery-columns-3 gallery-size-thumbnail'><figure class='gallery-item'>\n\t\t\t<div class='gallery-icon landscape'>\n\t\t\t\t<a href='https:\/\/archive.sana.sy\/tr\/wp-content\/uploads\/2017\/11\/1-170.jpg'><img loading=\"lazy\" decoding=\"async\" width=\"150\" height=\"84\" src=\"https:\/\/archive.sana.sy\/tr\/wp-content\/uploads\/2017\/11\/1-170-150x84.jpg\" class=\"attachment-thumbnail size-thumbnail\" alt=\"\" srcset=\"https:\/\/archive.sana.sy\/tr\/wp-content\/uploads\/2017\/11\/1-170-150x84.jpg 150w, https:\/\/archive.sana.sy\/tr\/wp-content\/uploads\/2017\/11\/1-170-300x169.jpg 300w, https:\/\/archive.sana.sy\/tr\/wp-content\/uploads\/2017\/11\/1-170.jpg 660w\" sizes=\"auto, (max-width: 150px) 100vw, 150px\" \/><\/a>\n\t\t\t<\/div><\/figure><figure class='gallery-item'>\n\t\t\t<div class='gallery-icon landscape'>\n\t\t\t\t<a href='https:\/\/archive.sana.sy\/tr\/wp-content\/uploads\/2017\/11\/2-76.jpg'><img loading=\"lazy\" decoding=\"async\" width=\"150\" height=\"84\" src=\"https:\/\/archive.sana.sy\/tr\/wp-content\/uploads\/2017\/11\/2-76-150x84.jpg\" class=\"attachment-thumbnail size-thumbnail\" alt=\"\" srcset=\"https:\/\/archive.sana.sy\/tr\/wp-content\/uploads\/2017\/11\/2-76-150x84.jpg 150w, https:\/\/archive.sana.sy\/tr\/wp-content\/uploads\/2017\/11\/2-76-300x169.jpg 300w, https:\/\/archive.sana.sy\/tr\/wp-content\/uploads\/2017\/11\/2-76.jpg 660w\" sizes=\"auto, (max-width: 150px) 100vw, 150px\" \/><\/a>\n\t\t\t<\/div><\/figure><figure class='gallery-item'>\n\t\t\t<div class='gallery-icon landscape'>\n\t\t\t\t<a href='https:\/\/archive.sana.sy\/tr\/wp-content\/uploads\/2017\/11\/3-45.jpg'><img loading=\"lazy\" decoding=\"async\" width=\"150\" height=\"94\" src=\"https:\/\/archive.sana.sy\/tr\/wp-content\/uploads\/2017\/11\/3-45-150x94.jpg\" class=\"attachment-thumbnail size-thumbnail\" alt=\"\" srcset=\"https:\/\/archive.sana.sy\/tr\/wp-content\/uploads\/2017\/11\/3-45-150x94.jpg 150w, https:\/\/archive.sana.sy\/tr\/wp-content\/uploads\/2017\/11\/3-45-300x189.jpg 300w, https:\/\/archive.sana.sy\/tr\/wp-content\/uploads\/2017\/11\/3-45.jpg 660w\" sizes=\"auto, (max-width: 150px) 100vw, 150px\" \/><\/a>\n\t\t\t<\/div><\/figure><figure class='gallery-item'>\n\t\t\t<div class='gallery-icon landscape'>\n\t\t\t\t<a href='https:\/\/archive.sana.sy\/tr\/wp-content\/uploads\/2017\/11\/4-18.jpg'><img loading=\"lazy\" decoding=\"async\" width=\"150\" height=\"84\" src=\"https:\/\/archive.sana.sy\/tr\/wp-content\/uploads\/2017\/11\/4-18-150x84.jpg\" class=\"attachment-thumbnail size-thumbnail\" alt=\"\" srcset=\"https:\/\/archive.sana.sy\/tr\/wp-content\/uploads\/2017\/11\/4-18-150x84.jpg 150w, https:\/\/archive.sana.sy\/tr\/wp-content\/uploads\/2017\/11\/4-18-300x169.jpg 300w, https:\/\/archive.sana.sy\/tr\/wp-content\/uploads\/2017\/11\/4-18.jpg 660w\" sizes=\"auto, (max-width: 150px) 100vw, 150px\" \/><\/a>\n\t\t\t<\/div><\/figure><figure class='gallery-item'>\n\t\t\t<div class='gallery-icon landscape'>\n\t\t\t\t<a href='https:\/\/archive.sana.sy\/tr\/wp-content\/uploads\/2017\/11\/5-13.jpg'><img loading=\"lazy\" decoding=\"async\" width=\"150\" height=\"84\" src=\"https:\/\/archive.sana.sy\/tr\/wp-content\/uploads\/2017\/11\/5-13-150x84.jpg\" class=\"attachment-thumbnail size-thumbnail\" alt=\"\" srcset=\"https:\/\/archive.sana.sy\/tr\/wp-content\/uploads\/2017\/11\/5-13-150x84.jpg 150w, https:\/\/archive.sana.sy\/tr\/wp-content\/uploads\/2017\/11\/5-13-300x169.jpg 300w, https:\/\/archive.sana.sy\/tr\/wp-content\/uploads\/2017\/11\/5-13.jpg 660w\" sizes=\"auto, (max-width: 150px) 100vw, 150px\" \/><\/a>\n\t\t\t<\/div><\/figure><figure class='gallery-item'>\n\t\t\t<div class='gallery-icon landscape'>\n\t\t\t\t<a href='https:\/\/archive.sana.sy\/tr\/wp-content\/uploads\/2017\/11\/6-11.jpg'><img loading=\"lazy\" decoding=\"async\" width=\"150\" height=\"75\" src=\"https:\/\/archive.sana.sy\/tr\/wp-content\/uploads\/2017\/11\/6-11-150x75.jpg\" class=\"attachment-thumbnail size-thumbnail\" alt=\"\" srcset=\"https:\/\/archive.sana.sy\/tr\/wp-content\/uploads\/2017\/11\/6-11-150x75.jpg 150w, https:\/\/archive.sana.sy\/tr\/wp-content\/uploads\/2017\/11\/6-11-300x150.jpg 300w, https:\/\/archive.sana.sy\/tr\/wp-content\/uploads\/2017\/11\/6-11.jpg 660w\" sizes=\"auto, (max-width: 150px) 100vw, 150px\" \/><\/a>\n\t\t\t<\/div><\/figure>\n\t\t<\/div>\n\n","protected":false},"excerpt":{"rendered":"<p>HASEKE \u2013 Haseke halk\u0131 bug\u00fcn vatan koruyucular\u0131 ordu birliklerimizin radikal ter\u00f6re kar\u015f\u0131 zaferleri ve son olarak Deyrezzor \u0130linin do\u011fusunda yer alan Albukemal Kentini I\u015e\u0130D\u2019ten kurtarmalar\u0131n\u0131 kutlad\u0131. Resmi ve sivil toplum faaliyetlerinin Haseke Kentinin ortas\u0131ndaki Kurucu Lider Haf\u0131z el Esad Meydan\u0131nda d\u00fczenledi\u011fi kitlesel kutlamalarda ordu birliklerimizin destek\u00e7i ve m\u00fcttefik g\u00fc\u00e7lerle i\u015fbirli\u011fi i\u00e7inde radikal ter\u00f6r ve destek\u00e7ilerine &hellip;<\/p>\n","protected":false},"author":1,"featured_media":129774,"comment_status":"closed","ping_status":"closed","sticky":false,"template":"","format":"standard","meta":{"footnotes":""},"categories":[596,479,17988,478],"tags":[33396,33395,1140,2318,33397,2695,33394,30883,30016,16437],"class_list":["post-129771","post","type-post","status-publish","format-standard","has-post-thumbnail","","category-fotografli-raporlar","category-haberler-yerel","category-son-haberler","category-yerel","tag-albukemal-kenti","tag-deyrezzor-ilinin-dogusunda","tag-haseke","tag-isid","tag-kurucu-lider-hafiz-el-esad-meydaninda","tag-ordu-birliklerimiz","tag-radikal-terore-karsi-zaferleri","tag-resmi","tag-sivil-toplum-faaliyetleri","tag-vatan-koruyuculari"],"_links":{"self":[{"href":"https:\/\/archive.sana.sy\/tr\/index.php?rest_route=\/wp\/v2\/posts\/129771","targetHints":{"allow":["GET"]}}],"collection":[{"href":"https:\/\/archive.sana.sy\/tr\/index.php?rest_route=\/wp\/v2\/posts"}],"about":[{"href":"https:\/\/archive.sana.sy\/tr\/index.php?rest_route=\/wp\/v2\/types\/post"}],"author":[{"embeddable":true,"href":"https:\/\/archive.sana.sy\/tr\/index.php?rest_route=\/wp\/v2\/users\/1"}],"replies":[{"embeddable":true,"href":"https:\/\/archive.sana.sy\/tr\/index.php?rest_route=%2Fwp%2Fv2%2Fcomments&post=129771"}],"version-history":[{"count":0,"href":"https:\/\/archive.sana.sy\/tr\/index.php?rest_route=\/wp\/v2\/posts\/129771\/revisions"}],"wp:featuredmedia":[{"embeddable":true,"href":"https:\/\/archive.sana.sy\/tr\/index.php?rest_route=\/wp\/v2\/media\/129774"}],"wp:attachment":[{"href":"https:\/\/archive.sana.sy\/tr\/index.php?rest_route=%2Fwp%2Fv2%2Fmedia&parent=129771"}],"wp:term":[{"taxonomy":"category","embeddable":true,"href":"https:\/\/archive.sana.sy\/tr\/index.php?rest_route=%2Fwp%2Fv2%2Fcategories&post=129771"},{"taxonomy":"post_tag","embeddable":true,"href":"https:\/\/archive.sana.sy\/tr\/index.php?rest_route=%2Fwp%2Fv2%2Ftags&post=129771"}],"curies":[{"name":"wp","href":"https:\/\/api.w.org\/{rel}","templated":true}]}}