{"id":13009,"date":"2014-10-16T10:36:56","date_gmt":"2014-10-16T07:36:56","guid":{"rendered":"http:\/\/www.sana.sy\/tr\/?p=13009"},"modified":"2014-10-16T10:36:56","modified_gmt":"2014-10-16T07:36:56","slug":"askeri-kaynak-ordu-birliklerimizin-kunaytra-kirsali-um-el-izam-ve-meshara-benzin-istasyonu-yakinlarinda-cok-sayida-teroristi-olu-ve-yarali-dusurduklerini-bir-araclarini-da-imha-ettiklerini-el-alem-b","status":"publish","type":"post","link":"https:\/\/archive.sana.sy\/tr\/?p=13009","title":{"rendered":"Askeri kaynak, ordu birliklerimizin Kunaytra k\u0131rsal\u0131 Um el Izam ve Meshara Benzin \u0130stasyonu yak\u0131nlar\u0131nda \u00e7ok say\u0131da ter\u00f6risti \u00f6l\u00fc ve yaral\u0131 d\u00fc\u015f\u00fcrd\u00fcklerini bir ara\u00e7lar\u0131n\u0131 da imha ettiklerini, El Alem Bulvar\u0131 yak\u0131nlar\u0131nda da baz\u0131 ter\u00f6ristleri \u00f6l\u00fc ve yaral\u0131 d\u00fc\u015f\u00fcrd\u00fcklerini s\u00f6yledi."},"content":{"rendered":"<p>Askeri kaynak, ordu birliklerimizin Kunaytra k\u0131rsal\u0131 Um el Izam ve Meshara Benzin \u0130stasyonu yak\u0131nlar\u0131nda \u00e7ok say\u0131da ter\u00f6risti \u00f6l\u00fc ve yaral\u0131 d\u00fc\u015f\u00fcrd\u00fcklerini bir ara\u00e7lar\u0131n\u0131 da imha ettiklerini, El Alem Bulvar\u0131 yak\u0131nlar\u0131nda da baz\u0131 ter\u00f6ristleri \u00f6l\u00fc ve yaral\u0131 d\u00fc\u015f\u00fcrd\u00fcklerini s\u00f6yledi.<\/p>\n","protected":false},"excerpt":{"rendered":"<p>Askeri kaynak, ordu birliklerimizin Kunaytra k\u0131rsal\u0131 Um el Izam ve Meshara Benzin \u0130stasyonu yak\u0131nlar\u0131nda \u00e7ok say\u0131da ter\u00f6risti \u00f6l\u00fc ve yaral\u0131 d\u00fc\u015f\u00fcrd\u00fcklerini bir ara\u00e7lar\u0131n\u0131 da imha ettiklerini, El Alem Bulvar\u0131 yak\u0131nlar\u0131nda da baz\u0131 ter\u00f6ristleri \u00f6l\u00fc ve yaral\u0131 d\u00fc\u015f\u00fcrd\u00fcklerini s\u00f6yledi.<\/p>\n","protected":false},"author":1,"featured_media":0,"comment_status":"closed","ping_status":"closed","sticky":false,"template":"","format":"standard","meta":{"footnotes":""},"categories":[1],"tags":[1031,3663,3664,3662],"class_list":["post-13009","post","type-post","status-publish","format-standard","","category-news-not-sorted","tag-askeri-kaynak","tag-el-alem-bulvari-yakinlarinda-da-bazi-teroristleri","tag-olu-ve-yarali-dusurduklerini-soyledi","tag-ordu-birliklerimizin-kunaytra-kirsali-um-el-izam-ve-meshara-benzin-istasyonu-yakinlarinda-cok-sayida-teroristi-olu-ve-yarali-dusurduklerini-bir-araclarini-da-imha-ettiklerini"],"_links":{"self":[{"href":"https:\/\/archive.sana.sy\/tr\/index.php?rest_route=\/wp\/v2\/posts\/13009","targetHints":{"allow":["GET"]}}],"collection":[{"href":"https:\/\/archive.sana.sy\/tr\/index.php?rest_route=\/wp\/v2\/posts"}],"about":[{"href":"https:\/\/archive.sana.sy\/tr\/index.php?rest_route=\/wp\/v2\/types\/post"}],"author":[{"embeddable":true,"href":"https:\/\/archive.sana.sy\/tr\/index.php?rest_route=\/wp\/v2\/users\/1"}],"replies":[{"embeddable":true,"href":"https:\/\/archive.sana.sy\/tr\/index.php?rest_route=%2Fwp%2Fv2%2Fcomments&post=13009"}],"version-history":[{"count":0,"href":"https:\/\/archive.sana.sy\/tr\/index.php?rest_route=\/wp\/v2\/posts\/13009\/revisions"}],"wp:attachment":[{"href":"https:\/\/archive.sana.sy\/tr\/index.php?rest_route=%2Fwp%2Fv2%2Fmedia&parent=13009"}],"wp:term":[{"taxonomy":"category","embeddable":true,"href":"https:\/\/archive.sana.sy\/tr\/index.php?rest_route=%2Fwp%2Fv2%2Fcategories&post=13009"},{"taxonomy":"post_tag","embeddable":true,"href":"https:\/\/archive.sana.sy\/tr\/index.php?rest_route=%2Fwp%2Fv2%2Ftags&post=13009"}],"curies":[{"name":"wp","href":"https:\/\/api.w.org\/{rel}","templated":true}]}}