{"id":130215,"date":"2017-11-26T12:45:56","date_gmt":"2017-11-26T10:45:56","guid":{"rendered":"http:\/\/www.sana.sy\/tr\/?p=130215"},"modified":"2017-11-27T09:33:06","modified_gmt":"2017-11-27T07:33:06","slug":"hasekede-kulturel-etkinlik-yapildi","status":"publish","type":"post","link":"https:\/\/archive.sana.sy\/tr\/?p=130215","title":{"rendered":"Haseke\u2019de K\u00fclt\u00fcrel Etkinlik Yap\u0131ld\u0131"},"content":{"rendered":"<p>HASEKE \u2013 Haseke K\u00fclt\u00fcr M\u00fcd\u00fcrl\u00fc\u011f\u00fc taraf\u0131ndan K\u00fclt\u00fcr Bakanl\u0131\u011f\u0131 Bayram\u0131 \u00e7er\u00e7evesinde ilin bir\u00e7ok \u015fairiyle birlikte Arap K\u00fclt\u00fcr Merkezi\u2019nde bir \u015fiir dinletisi verildi.<\/p>\n<p>Ulasal Tiyatro Ekibi de \u2018Garip Ziyaret\u00e7i\u2019 ad\u0131nda bir oyunuyla \u015fiir dinletisine destek verdi.<\/p>\n<p>\u0130l K\u00fclt\u00fcr M\u00fcd\u00fcrl\u00fc\u011f\u00fc, \u015fiir dinletisinde vatan sevgisini anlatan bir\u00e7ok \u015fiirin okundu\u011funu aktard\u0131.<\/p>\n","protected":false},"excerpt":{"rendered":"<p>HASEKE \u2013 Haseke K\u00fclt\u00fcr M\u00fcd\u00fcrl\u00fc\u011f\u00fc taraf\u0131ndan K\u00fclt\u00fcr Bakanl\u0131\u011f\u0131 Bayram\u0131 \u00e7er\u00e7evesinde ilin bir\u00e7ok \u015fairiyle birlikte Arap K\u00fclt\u00fcr Merkezi\u2019nde bir \u015fiir dinletisi verildi. Ulasal Tiyatro Ekibi de \u2018Garip Ziyaret\u00e7i\u2019 ad\u0131nda bir oyunuyla \u015fiir dinletisine destek verdi. \u0130l K\u00fclt\u00fcr M\u00fcd\u00fcrl\u00fc\u011f\u00fc, \u015fiir dinletisinde vatan sevgisini anlatan bir\u00e7ok \u015fiirin okundu\u011funu aktard\u0131.<\/p>\n","protected":false},"author":1,"featured_media":130218,"comment_status":"closed","ping_status":"closed","sticky":false,"template":"","format":"standard","meta":{"footnotes":""},"categories":[516,479,511,17988,478],"tags":[33530,33531,1140,22456,16591,22181],"class_list":["post-130215","post","type-post","status-publish","format-standard","has-post-thumbnail","","category-haberler-kultur-ve-sanat","category-haberler-yerel","category-kultur-ve-sanat","category-son-haberler","category-yerel","tag-arap-kultur-merkezi","tag-garip-ziyaretci","tag-haseke","tag-kulturel-etkinlik","tag-suriye","tag-suriyeliler"],"_links":{"self":[{"href":"https:\/\/archive.sana.sy\/tr\/index.php?rest_route=\/wp\/v2\/posts\/130215","targetHints":{"allow":["GET"]}}],"collection":[{"href":"https:\/\/archive.sana.sy\/tr\/index.php?rest_route=\/wp\/v2\/posts"}],"about":[{"href":"https:\/\/archive.sana.sy\/tr\/index.php?rest_route=\/wp\/v2\/types\/post"}],"author":[{"embeddable":true,"href":"https:\/\/archive.sana.sy\/tr\/index.php?rest_route=\/wp\/v2\/users\/1"}],"replies":[{"embeddable":true,"href":"https:\/\/archive.sana.sy\/tr\/index.php?rest_route=%2Fwp%2Fv2%2Fcomments&post=130215"}],"version-history":[{"count":0,"href":"https:\/\/archive.sana.sy\/tr\/index.php?rest_route=\/wp\/v2\/posts\/130215\/revisions"}],"wp:featuredmedia":[{"embeddable":true,"href":"https:\/\/archive.sana.sy\/tr\/index.php?rest_route=\/wp\/v2\/media\/130218"}],"wp:attachment":[{"href":"https:\/\/archive.sana.sy\/tr\/index.php?rest_route=%2Fwp%2Fv2%2Fmedia&parent=130215"}],"wp:term":[{"taxonomy":"category","embeddable":true,"href":"https:\/\/archive.sana.sy\/tr\/index.php?rest_route=%2Fwp%2Fv2%2Fcategories&post=130215"},{"taxonomy":"post_tag","embeddable":true,"href":"https:\/\/archive.sana.sy\/tr\/index.php?rest_route=%2Fwp%2Fv2%2Ftags&post=130215"}],"curies":[{"name":"wp","href":"https:\/\/api.w.org\/{rel}","templated":true}]}}