{"id":13023,"date":"2014-10-16T12:11:27","date_gmt":"2014-10-16T09:11:27","guid":{"rendered":"http:\/\/www.sana.sy\/tr\/?p=13023"},"modified":"2014-10-16T13:31:03","modified_gmt":"2014-10-16T10:31:03","slug":"ordu-yaralilari-ve-sehit-kardeslerine-tartusta-toplu-dugun-2","status":"publish","type":"post","link":"https:\/\/archive.sana.sy\/tr\/?p=13023","title":{"rendered":"Ordu Yaral\u0131lar\u0131 ve \u015eehit Karde\u015flerine Tartus\u2019ta Toplu D\u00fc\u011f\u00fcn"},"content":{"rendered":"<p>TARTUS &#8211; Suriye ve onuru yolunda fedakarl\u0131klar\u0131 ve kahramanl\u0131klar\u0131 ve sevincin geri gelmesine takdiren \u015eehit Yak\u0131nlar\u0131na Vefa Hay\u0131r Cemiyeti d\u00fcn ak\u015fam Suriye Arap Ordusundan yaral\u0131 ve \u015fehit karde\u015flerine d\u00fczenledi\u011fi toplu d\u00fc\u011f\u00fcnde 36 ki\u015fi d\u00fcnya evine girdi.<\/p>\n<p>Vak\u0131flar Bakan\u0131 Muhammed Abdul Settar El Seyyid, kelimelerin Suriye\u2019nin evlatlar\u0131n\u0131 b\u00f6lmek ve aralar\u0131nda fitne yaratmada hi\u00e7 kimsenin kahraman ordumuza kar\u015f\u0131 galip gelmeyi ba\u015faramayaca\u011f\u0131 Suriye kahramanlar\u0131n\u0131n fedakarl\u0131klar\u0131 \u00f6n\u00fcnde, k\u00fc\u00e7\u00fcld\u00fc\u011f\u00fcne i\u015faret ederek bu ulusal d\u00fc\u011f\u00fcn\u00fcn cesur askerlerimiz ile onlar\u0131 beklemek ve onlara dua etmedeki azametlerini ispat eden k\u0131zlar\u0131n sab\u0131rlar\u0131n\u0131n \u00f6d\u00fcl\u00fc oldu\u011funu vurgulad\u0131.<\/p>\n<p>Tartus Valisi Nizar Musa, s\u00f6z konusu t\u00f6renin Tartus ilinin ordu \u015fehit ve yaral\u0131lar\u0131na y\u00f6nelik vefas\u0131n\u0131n bir \u00f6rne\u011fi oldu\u011funa dikkat \u00e7ekti.<\/p>\n<p>\u015eehit Ailelerine Vefa Cemiyeti M\u00fcdiresi Muna \u0130brahim ise, bu d\u00fc\u011f\u00fcn\u00fc yapmaktan hedefin Suriye\u2019nin d\u00fc\u015fmanlar\u0131na kar\u015f\u0131 dimdik ayakta durdu\u011funu g\u00f6stermek ve evlatlar\u0131 aras\u0131nda b\u00f6l\u00fcc\u00fcl\u00fc\u011f\u00fcn ekilemeyece\u011fini ispat etmek oldu\u011funu ifade ederek damat ve gelinlerin vatan co\u011frafyas\u0131n\u0131n \u00fczerinde uzanan 8 ilden olduklar\u0131na dikkat \u00e7ekti.<\/p>\n<p>Baz\u0131 damat ve gelinler ise s\u00f6z konusu m\u00fcnasebetten dolay\u0131 saadetlerini dile getirdiler.<\/p>\n<div id='gallery-1' class='gallery galleryid-13023 gallery-columns-2 gallery-size-thumbnail'><figure class='gallery-item'>\n\t\t\t<div class='gallery-icon landscape'>\n\t\t\t\t<a href='https:\/\/archive.sana.sy\/tr\/wp-content\/uploads\/2014\/10\/Toplu-D\u00fc\u011f\u00fcn-11.jpg'><img loading=\"lazy\" decoding=\"async\" width=\"150\" height=\"112\" src=\"https:\/\/archive.sana.sy\/tr\/wp-content\/uploads\/2014\/10\/Toplu-D\u00fc\u011f\u00fcn-11-150x112.jpg\" class=\"attachment-thumbnail size-thumbnail\" alt=\"\" srcset=\"https:\/\/archive.sana.sy\/tr\/wp-content\/uploads\/2014\/10\/Toplu-D\u00fc\u011f\u00fcn-11-150x112.jpg 150w, https:\/\/archive.sana.sy\/tr\/wp-content\/uploads\/2014\/10\/Toplu-D\u00fc\u011f\u00fcn-11-300x225.jpg 300w, https:\/\/archive.sana.sy\/tr\/wp-content\/uploads\/2014\/10\/Toplu-D\u00fc\u011f\u00fcn-11-1024x768.jpg 1024w, https:\/\/archive.sana.sy\/tr\/wp-content\/uploads\/2014\/10\/Toplu-D\u00fc\u011f\u00fcn-11.jpg 2048w\" sizes=\"auto, (max-width: 150px) 100vw, 150px\" \/><\/a>\n\t\t\t<\/div><\/figure><figure class='gallery-item'>\n\t\t\t<div class='gallery-icon landscape'>\n\t\t\t\t<a href='https:\/\/archive.sana.sy\/tr\/wp-content\/uploads\/2014\/10\/Toplu-D\u00fc\u011f\u00fcn-21.jpg'><img loading=\"lazy\" decoding=\"async\" width=\"150\" height=\"112\" src=\"https:\/\/archive.sana.sy\/tr\/wp-content\/uploads\/2014\/10\/Toplu-D\u00fc\u011f\u00fcn-21-150x112.jpg\" class=\"attachment-thumbnail size-thumbnail\" alt=\"\" srcset=\"https:\/\/archive.sana.sy\/tr\/wp-content\/uploads\/2014\/10\/Toplu-D\u00fc\u011f\u00fcn-21-150x112.jpg 150w, https:\/\/archive.sana.sy\/tr\/wp-content\/uploads\/2014\/10\/Toplu-D\u00fc\u011f\u00fcn-21-300x225.jpg 300w, https:\/\/archive.sana.sy\/tr\/wp-content\/uploads\/2014\/10\/Toplu-D\u00fc\u011f\u00fcn-21-1024x768.jpg 1024w, https:\/\/archive.sana.sy\/tr\/wp-content\/uploads\/2014\/10\/Toplu-D\u00fc\u011f\u00fcn-21.jpg 2048w\" sizes=\"auto, (max-width: 150px) 100vw, 150px\" \/><\/a>\n\t\t\t<\/div><\/figure>\n\t\t<\/div>\n\n","protected":false},"excerpt":{"rendered":"<p>TARTUS &#8211; Suriye ve onuru yolunda fedakarl\u0131klar\u0131 ve kahramanl\u0131klar\u0131 ve sevincin geri gelmesine takdiren \u015eehit Yak\u0131nlar\u0131na Vefa Hay\u0131r Cemiyeti d\u00fcn ak\u015fam Suriye Arap Ordusundan yaral\u0131 ve \u015fehit karde\u015flerine d\u00fczenledi\u011fi toplu d\u00fc\u011f\u00fcnde 36 ki\u015fi d\u00fcnya evine girdi. Vak\u0131flar Bakan\u0131 Muhammed Abdul Settar El Seyyid, kelimelerin Suriye\u2019nin evlatlar\u0131n\u0131 b\u00f6lmek ve aralar\u0131nda fitne yaratmada hi\u00e7 kimsenin kahraman ordumuza &hellip;<\/p>\n","protected":false},"author":1,"featured_media":13024,"comment_status":"closed","ping_status":"closed","sticky":false,"template":"","format":"standard","meta":{"footnotes":""},"categories":[526,479,525,478],"tags":[3665],"class_list":["post-13023","post","type-post","status-publish","format-standard","has-post-thumbnail","","category-haber-ve-raporlar","category-haberler-yerel","category-toplum","category-yerel","tag-ordu-yaralilari-ve-sehit-kardeslerine-tartusta-toplu-dugun"],"_links":{"self":[{"href":"https:\/\/archive.sana.sy\/tr\/index.php?rest_route=\/wp\/v2\/posts\/13023","targetHints":{"allow":["GET"]}}],"collection":[{"href":"https:\/\/archive.sana.sy\/tr\/index.php?rest_route=\/wp\/v2\/posts"}],"about":[{"href":"https:\/\/archive.sana.sy\/tr\/index.php?rest_route=\/wp\/v2\/types\/post"}],"author":[{"embeddable":true,"href":"https:\/\/archive.sana.sy\/tr\/index.php?rest_route=\/wp\/v2\/users\/1"}],"replies":[{"embeddable":true,"href":"https:\/\/archive.sana.sy\/tr\/index.php?rest_route=%2Fwp%2Fv2%2Fcomments&post=13023"}],"version-history":[{"count":0,"href":"https:\/\/archive.sana.sy\/tr\/index.php?rest_route=\/wp\/v2\/posts\/13023\/revisions"}],"wp:featuredmedia":[{"embeddable":true,"href":"https:\/\/archive.sana.sy\/tr\/index.php?rest_route=\/wp\/v2\/media\/13024"}],"wp:attachment":[{"href":"https:\/\/archive.sana.sy\/tr\/index.php?rest_route=%2Fwp%2Fv2%2Fmedia&parent=13023"}],"wp:term":[{"taxonomy":"category","embeddable":true,"href":"https:\/\/archive.sana.sy\/tr\/index.php?rest_route=%2Fwp%2Fv2%2Fcategories&post=13023"},{"taxonomy":"post_tag","embeddable":true,"href":"https:\/\/archive.sana.sy\/tr\/index.php?rest_route=%2Fwp%2Fv2%2Ftags&post=13023"}],"curies":[{"name":"wp","href":"https:\/\/api.w.org\/{rel}","templated":true}]}}